{"id":112479,"date":"2013-08-10T09:03:26","date_gmt":"2013-08-10T09:03:26","guid":{"rendered":"http:\/\/www.fuldaer-nachrichten.de\/?p=112479"},"modified":"2013-08-11T09:10:24","modified_gmt":"2013-08-11T09:10:24","slug":"groster-regionaler-solarpark-ermoglicht-attraktive-beteiligung-fur-alle-burgerinnen-und-burger-im-vogelsberg","status":"publish","type":"post","link":"https:\/\/www.fuldaernachrichten.de\/?p=112479","title":{"rendered":"Gr\u00f6\u00dfter regionaler Solarpark erm\u00f6glicht attraktive Beteiligung f\u00fcr alle B\u00fcrgerinnen und B\u00fcrger im Vogelsberg"},"content":{"rendered":"<p><img decoding=\"async\" class=\"alignleft size-medium wp-image-112480\" alt=\"130810_obermoos\" src=\"http:\/\/www.fuldaer-nachrichten.de\/wp-content\/uploads\/2013\/08\/130810_obermoos-265x163.jpg\" width=\"265\" height=\"163\" srcset=\"https:\/\/www.fuldaernachrichten.de\/wp-content\/uploads\/2013\/08\/130810_obermoos-265x163.jpg 265w, https:\/\/www.fuldaernachrichten.de\/wp-content\/uploads\/2013\/08\/130810_obermoos.jpg 600w\" sizes=\"(max-width: 265px) 100vw, 265px\" \/> Ober-Moos. Auf einer ann\u00e4hernd f\u00fcnf Hektar gro\u00dfen Fl\u00e4che am Ortsrand von Ober-Moos erstreckt sich in unmittelbarer N\u00e4he zu den Mooser-Seen der gr\u00f6\u00dfte Solarpark im Vogelsbergkreis. Die Freiland-Anlage mit mehr als 12.000 Modulen und 237 Wechselrichter wurde zum 30. Juni 2012 an das Netz der ovag AG angeschlossen und zum 01. Januar 2013 von der Energiegenossenschaft Vogelsberg eG \u00fcbernommen.<!--more--><\/p>\n<p>Mit einem Investitionsvolumen von rund 5,0 Mio. Euro ist der Solarpark in Ober-Moos mit Abstand das bisher gr\u00f6\u00dfte Projekt der EGV eG und soll, soweit die Planung, j\u00e4hrlich ann\u00e4hernd 3 Mio kW\/h umweltfreundlichen und CO\u00c2\u00b2-neutralen Strom einspeisen. Das Ziel der Energiegenossenschaft Vogelsberg eG ist es, so Vorstandsmitglied G\u00fcnter Mest in seiner Presseerkl\u00e4rung, m\u00f6glichst viele B\u00fcrger und B\u00fcrgerinnen aus dem Vogelsberg an dieser interessanten und nachhaltigen Investition teilhaben zu lassen.<\/p>\n<p>In Abh\u00e4ngigkeit von Laufzeit und Jahresertrag der Anlage verzinsen wir entsprechende Investitionen in Form von Nachrangdarlehen zwischen 3,0 Prozent und 4,5 Prozent, erkl\u00e4rt G\u00fcnter Mest weiter, und das bereits bei einer Anlagesumme ab 1.000,00 Euro. Weitere Informationen erh\u00e4lt man auf der Homepage der Energiegenossenschaft Vogelsberg eG unter <a href=\"http:\/\/www.energie-vb.de\" target=\"_blank\">www.energie-vb.de<\/a> oder telefonisch unter der Nummer 06631 \/ 6748.<\/p>\n","protected":false},"excerpt":{"rendered":"<div class=\"tmnf_excerpt\"><p>Ober-Moos. Auf einer ann\u00e4hernd f\u00fcnf Hektar gro\u00dfen Fl\u00e4che am Ortsrand von Ober-Moos erstreckt sich in unmittelbarer N\u00e4he zu den Mooser-Seen der gr\u00f6\u00dfte Solarpark im Vogelsbergkreis. Die Freiland-Anlage mit mehr als 12.000 Modulen und 237 Wechselrichter wurde zum 30. Juni 2012 an das Netz der ovag AG angeschlossen und zum 01. Januar 2013 von der Energiegenossenschaft &hellip;<\/p>\n<\/div>","protected":false},"author":1,"featured_media":0,"comment_status":"closed","ping_status":"closed","sticky":false,"template":"","format":"standard","meta":{"footnotes":""},"categories":[1,48],"tags":[],"class_list":["post-112479","post","type-post","status-publish","format-standard","hentry","category-startseite","category-forschung"],"_links":{"self":[{"href":"https:\/\/www.fuldaernachrichten.de\/index.php?rest_route=\/wp\/v2\/posts\/112479","targetHints":{"allow":["GET"]}}],"collection":[{"href":"https:\/\/www.fuldaernachrichten.de\/index.php?rest_route=\/wp\/v2\/posts"}],"about":[{"href":"https:\/\/www.fuldaernachrichten.de\/index.php?rest_route=\/wp\/v2\/types\/post"}],"author":[{"embeddable":true,"href":"https:\/\/www.fuldaernachrichten.de\/index.php?rest_route=\/wp\/v2\/users\/1"}],"replies":[{"embeddable":true,"href":"https:\/\/www.fuldaernachrichten.de\/index.php?rest_route=%2Fwp%2Fv2%2Fcomments&post=112479"}],"version-history":[{"count":2,"href":"https:\/\/www.fuldaernachrichten.de\/index.php?rest_route=\/wp\/v2\/posts\/112479\/revisions"}],"predecessor-version":[{"id":112482,"href":"https:\/\/www.fuldaernachrichten.de\/index.php?rest_route=\/wp\/v2\/posts\/112479\/revisions\/112482"}],"wp:attachment":[{"href":"https:\/\/www.fuldaernachrichten.de\/index.php?rest_route=%2Fwp%2Fv2%2Fmedia&parent=112479"}],"wp:term":[{"taxonomy":"category","embeddable":true,"href":"https:\/\/www.fuldaernachrichten.de\/index.php?rest_route=%2Fwp%2Fv2%2Fcategories&post=112479"},{"taxonomy":"post_tag","embeddable":true,"href":"https:\/\/www.fuldaernachrichten.de\/index.php?rest_route=%2Fwp%2Fv2%2Ftags&post=112479"}],"curies":[{"name":"wp","href":"https:\/\/api.w.org\/{rel}","templated":true}]}}