{"id":112433,"date":"2013-08-09T08:07:06","date_gmt":"2013-08-09T08:07:06","guid":{"rendered":"http:\/\/www.fuldaer-nachrichten.de\/?p=112433"},"modified":"2013-08-11T08:11:11","modified_gmt":"2013-08-11T08:11:11","slug":"rettungs-und-hilfsorganisationen-des-landkreises-fulda-planen-gemeinsamen-facebook-auftritt","status":"publish","type":"post","link":"https:\/\/www.fuldaernachrichten.de\/?p=112433","title":{"rendered":"Rettungs- und Hilfsorganisationen des Landkreises Fulda planen gemeinsamen Facebook-Auftritt"},"content":{"rendered":"<p><img decoding=\"async\" src=\"http:\/\/www.fuldaer-nachrichten.de\/wp-content\/uploads\/2013\/08\/130809_jfw-265x175.jpg\" alt=\"130809_jfw\" width=\"265\" height=\"175\" class=\"alignleft size-medium wp-image-112437\" srcset=\"https:\/\/www.fuldaernachrichten.de\/wp-content\/uploads\/2013\/08\/130809_jfw-265x175.jpg 265w, https:\/\/www.fuldaernachrichten.de\/wp-content\/uploads\/2013\/08\/130809_jfw.jpg 600w\" sizes=\"(max-width: 265px) 100vw, 265px\" \/> Ende des Jahres ist es soweit: Dann gehen die Rettungs- und Hilfsorganisationen des Landkreises Fulda mit einer gemeinsamen Facebook-Seite an den Start. \u201eUnsere Idee besteht darin, die Hilfsorganisationen geb\u00fcndelt auf einer Plattform zu pr\u00e4sentieren\u201c, erkl\u00e4rt Julia Roeschies, Gesch\u00e4ftsf\u00fchrerin des Kreisfeuerwehrverbandes.<!--more--><\/p>\n<p>Der Trend gehe mittlerweile dahin, direkt bei Facebook nach Informationen zu suchen und nicht mehr auf den jeweiligen Homepages, f\u00fchrt Julia Roeschies aus. Diese Chance wolle man nutzen, um beispielsweise die Malteser, das Technische Hilfswerk (THW), das Deutsche Rote Kreuz  (DRK), den Kreisfeuerwehrverband, die Bundespolizei, die beiden Rettungshundestaffeln, das Polizeipr\u00e4sidium Fulda und den Rettungshubschrauber Christoph 28 umfangreich zu pr\u00e4sentieren. <\/p>\n<p>\u201eHier k\u00f6nnen wir n\u00e4her auf die Aufgaben und Angebote der einzelnen Organisationen eingehen, aber auch auf Veranstaltungen und Termine hinweisen\u201c, betont Roeschies. Insgesamt ist die F\u00fclle der Optionen durch die angedachte gemeinsame Facebook-Pr\u00e4senz sehr umfangreich. Themen wie Mitgliederwerbung, Ausk\u00fcnfte zum Ehrenamt, eine Jobb\u00f6rse, Verweise auf Blogs und Seiten mit Hintergr\u00fcnden, die Vorstellung von eigenen und gemeinsamen Projekten, Erinnerungen an Blutspendetermine und aktuelle B\u00fcrgerinfos lie\u00dfen sich ohne gro\u00dfen zeitlichen Vorlauf umsetzen. \u201eOb Hochwasser oder Stra\u00dfensperrungen, \u00fcber Facebook k\u00f6nnen wir einen Gro\u00dfteil der Bev\u00f6lkerung einfacher erreichen\u201c, so Roeschies.<\/p>\n<p>K\u00fcrzlich trafen sich daher Vertreter zahlreicher Hilfsorganisationen, um die Pl\u00e4ne zu konkretisieren und Vor- und Nachteile abzuw\u00e4gen. \u201eNat\u00fcrlich bedeutet eine solche Plattform f\u00fcr die freiwilligen Helfer auch einen Mehraufwand\u201c, r\u00e4umt die Gesch\u00e4ftsf\u00fchrerin des Kreisfeuerwehrverbandes ein. Allerdings b\u00f6ten sich v\u00f6llig neue M\u00f6glichkeiten und attraktive Perspektiven. Bisher haben das THW und das DRK im Landkreis bereits eigene Facebook-Auftritte. Diese Erfahrungen sollen bei der n\u00e4chsten Zusammenkunft Anfang Oktober mit einflie\u00dfen. Dann wird auch festgelegt, wer wie und in welcher Form der Plattform angeh\u00f6ren wird. Julia Roeschies denkt bereits an eine Art Redaktionsplan, um auch in ereignis\u00e4rmeren Zeiten wie etwa jetzt im Sommer das Interesse an der Facebook-Seite mit regelm\u00e4\u00dfigen neuen Inhalten hoch zu halten. <\/p>\n<p>Wie viele Menschen im Kreis sich in Rettungs- und Hilfsorganisationen engagieren, verdeutlicht die Feuerwehr: Roeschies zufolge sind mehr als 5.000 M\u00e4nner und Frauen direkt in den Wehren aktiv, die Zahl der ehrenamtlichen Mitglieder bel\u00e4uft sich auf rund 18.000.<\/p>\n<p>\u201eIn erster Linie wollen wir eine Verbindung mit Menschen eingehen. Prim\u00e4r soll der direkte Zugang zu den einzelnen Zielgruppen und sekund\u00e4r eine B\u00fcrgerinformationsplattform geschaffen werden\u201c, f\u00fchrt die Gesch\u00e4ftsf\u00fchrerin an. Jeder Organisation bleibe es dabei selbst \u00fcberlassen, wie viel man von sich mitteile und wie man sich pr\u00e4sentiere. Generell lie\u00dfe sich jedoch der Bekanntheitsgrad durch \u201eLikes\u201c und Empfehlungen steigern. <\/p>\n<p>Einen Facebook-Daumen nach oben haben sich die  vielen freiwilligen Helfer im Landkreis Fulda schon jetzt verdient \u2013 sie verk\u00f6rpern gelebtes Ehrenamt auf vorbildliche Weise.<\/p>\n","protected":false},"excerpt":{"rendered":"<div class=\"tmnf_excerpt\"><p>Ende des Jahres ist es soweit: Dann gehen die Rettungs- und Hilfsorganisationen des Landkreises Fulda mit einer gemeinsamen Facebook-Seite an den Start. \u201eUnsere Idee besteht darin, die Hilfsorganisationen geb\u00fcndelt auf einer Plattform zu pr\u00e4sentieren\u201c, erkl\u00e4rt Julia Roeschies, Gesch\u00e4ftsf\u00fchrerin des Kreisfeuerwehrverbandes.<\/p>\n<\/div>","protected":false},"author":1,"featured_media":0,"comment_status":"closed","ping_status":"closed","sticky":false,"template":"","format":"standard","meta":{"footnotes":""},"categories":[1,71],"tags":[],"class_list":["post-112433","post","type-post","status-publish","format-standard","hentry","category-startseite","category-feuerwehr"],"_links":{"self":[{"href":"https:\/\/www.fuldaernachrichten.de\/index.php?rest_route=\/wp\/v2\/posts\/112433","targetHints":{"allow":["GET"]}}],"collection":[{"href":"https:\/\/www.fuldaernachrichten.de\/index.php?rest_route=\/wp\/v2\/posts"}],"about":[{"href":"https:\/\/www.fuldaernachrichten.de\/index.php?rest_route=\/wp\/v2\/types\/post"}],"author":[{"embeddable":true,"href":"https:\/\/www.fuldaernachrichten.de\/index.php?rest_route=\/wp\/v2\/users\/1"}],"replies":[{"embeddable":true,"href":"https:\/\/www.fuldaernachrichten.de\/index.php?rest_route=%2Fwp%2Fv2%2Fcomments&post=112433"}],"version-history":[{"count":1,"href":"https:\/\/www.fuldaernachrichten.de\/index.php?rest_route=\/wp\/v2\/posts\/112433\/revisions"}],"predecessor-version":[{"id":112442,"href":"https:\/\/www.fuldaernachrichten.de\/index.php?rest_route=\/wp\/v2\/posts\/112433\/revisions\/112442"}],"wp:attachment":[{"href":"https:\/\/www.fuldaernachrichten.de\/index.php?rest_route=%2Fwp%2Fv2%2Fmedia&parent=112433"}],"wp:term":[{"taxonomy":"category","embeddable":true,"href":"https:\/\/www.fuldaernachrichten.de\/index.php?rest_route=%2Fwp%2Fv2%2Fcategories&post=112433"},{"taxonomy":"post_tag","embeddable":true,"href":"https:\/\/www.fuldaernachrichten.de\/index.php?rest_route=%2Fwp%2Fv2%2Ftags&post=112433"}],"curies":[{"name":"wp","href":"https:\/\/api.w.org\/{rel}","templated":true}]}}