{"id":112355,"date":"2013-08-07T10:55:47","date_gmt":"2013-08-07T10:55:47","guid":{"rendered":"http:\/\/www.fuldaer-nachrichten.de\/?p=112355"},"modified":"2013-08-07T10:55:47","modified_gmt":"2013-08-07T10:55:47","slug":"landrat-und-kreisbrandinspektor-danken-den-fast-400-hilfskraften-fur-ihre-herausragende-tatkraft","status":"publish","type":"post","link":"https:\/\/www.fuldaernachrichten.de\/?p=112355","title":{"rendered":"Landrat und Kreisbrandinspektor danken den fast 400 Hilfskr\u00e4ften f\u00fcr ihre \u201eherausragende Tatkraft\u201c"},"content":{"rendered":"<p><img fetchpriority=\"high\" decoding=\"async\" class=\"alignleft size-medium wp-image-112356\" alt=\"130806_fw-alsfeld\" src=\"http:\/\/www.fuldaer-nachrichten.de\/wp-content\/uploads\/2013\/08\/130806_fw-alsfeld-265x198.jpg\" width=\"265\" height=\"198\" srcset=\"https:\/\/www.fuldaernachrichten.de\/wp-content\/uploads\/2013\/08\/130806_fw-alsfeld-265x198.jpg 265w, https:\/\/www.fuldaernachrichten.de\/wp-content\/uploads\/2013\/08\/130806_fw-alsfeld.jpg 600w\" sizes=\"(max-width: 265px) 100vw, 265px\" \/> Landrat Manfred G\u00f6rig und Kreisbrandinspektor Werner Rinke danken in einer Mitteilung der Kreisverwaltung den fast 400 Einsatzkr\u00e4ften beim Gro\u00dfbrand in Alsfeld f\u00fcr \u201eherausragende Tatkraft\u201c. Feuerwehren, das Technische Hilfswerk und das Deutsche Rote Kreuz h\u00e4tten durch hervorragende Zusammenarbeit bewiesen, dass sich die Bev\u00f6lkerung des Landkreises auch bei Schadensereignissen dieser Gr\u00f6\u00dfenordnung auf die Kompetenz und die Koordination der Hilfsorganisation verlassen k\u00f6nnten. \u201eHier hat die ganze Region zusammengestanden, um in Alsfeld Schlimmeres zu verh\u00fcten\u201c, betont Manfred G\u00f6rig.<!--more--><\/p>\n<p>Die Einsatzkr\u00e4fte seien \u201evielfach bis an die Grenze ihrer Belastbarkeit gegangen\u201c, hebt der Landrat hervor. Er bedauere sehr, dass es in dem umfangreichen und komplizierten Einsatz zu mehreren Verletzten auf Seiten der Einsatzkr\u00e4fte gekommen sei. Er w\u00fcnscht den Betroffenen vollst\u00e4ndige Genesung. Landrat und KBI danken auch den externen (auch Werks-)Feuerwehren aus Stadtallendorf, Fulda und Frankfurt.<\/p>\n<p>Bei dem Brand in Alsfeld war eine Lagerhalle von der Grundfl\u00e4che von zwei Fu\u00dfballfeldern bis auf die Grundmauern niedergebrannt. Die Feuerwehren hatten zwei Tage zu tun, den Brand vollst\u00e4ndig zu l\u00f6schen. Der Brand ist der gr\u00f6\u00dfte seiner Art der vergangenen Jahrzehnte in Alsfeld und im Vogelsbergkreis. In der Halle befand sich eine gro\u00dfe Menge hoch brennbaren Materials, vor allem Grillanz\u00fcnder und Feuerwerksk\u00f6rper. Es kam zu Verpuffungen und Z\u00fcndungen. Die zum Teil \u00fcber 40 Meter hohe Feuer- und Rauchs\u00e4ule war kilometerweit sichtbar. Die Bundesstra\u00dfen 62 und 49 und die Stadtmitte waren wegen der L\u00f6scharbeiten gesperrt.<\/p>\n","protected":false},"excerpt":{"rendered":"<div class=\"tmnf_excerpt\"><p>Landrat Manfred G\u00f6rig und Kreisbrandinspektor Werner Rinke danken in einer Mitteilung der Kreisverwaltung den fast 400 Einsatzkr\u00e4ften beim Gro\u00dfbrand in Alsfeld f\u00fcr \u201eherausragende Tatkraft\u201c. Feuerwehren, das Technische Hilfswerk und das Deutsche Rote Kreuz h\u00e4tten durch hervorragende Zusammenarbeit bewiesen, dass sich die Bev\u00f6lkerung des Landkreises auch bei Schadensereignissen dieser Gr\u00f6\u00dfenordnung auf die Kompetenz und die Koordination &hellip;<\/p>\n<\/div>","protected":false},"author":1,"featured_media":0,"comment_status":"closed","ping_status":"closed","sticky":false,"template":"","format":"standard","meta":{"footnotes":""},"categories":[1,71],"tags":[],"class_list":["post-112355","post","type-post","status-publish","format-standard","hentry","category-startseite","category-feuerwehr"],"_links":{"self":[{"href":"https:\/\/www.fuldaernachrichten.de\/index.php?rest_route=\/wp\/v2\/posts\/112355","targetHints":{"allow":["GET"]}}],"collection":[{"href":"https:\/\/www.fuldaernachrichten.de\/index.php?rest_route=\/wp\/v2\/posts"}],"about":[{"href":"https:\/\/www.fuldaernachrichten.de\/index.php?rest_route=\/wp\/v2\/types\/post"}],"author":[{"embeddable":true,"href":"https:\/\/www.fuldaernachrichten.de\/index.php?rest_route=\/wp\/v2\/users\/1"}],"replies":[{"embeddable":true,"href":"https:\/\/www.fuldaernachrichten.de\/index.php?rest_route=%2Fwp%2Fv2%2Fcomments&post=112355"}],"version-history":[{"count":2,"href":"https:\/\/www.fuldaernachrichten.de\/index.php?rest_route=\/wp\/v2\/posts\/112355\/revisions"}],"predecessor-version":[{"id":112370,"href":"https:\/\/www.fuldaernachrichten.de\/index.php?rest_route=\/wp\/v2\/posts\/112355\/revisions\/112370"}],"wp:attachment":[{"href":"https:\/\/www.fuldaernachrichten.de\/index.php?rest_route=%2Fwp%2Fv2%2Fmedia&parent=112355"}],"wp:term":[{"taxonomy":"category","embeddable":true,"href":"https:\/\/www.fuldaernachrichten.de\/index.php?rest_route=%2Fwp%2Fv2%2Fcategories&post=112355"},{"taxonomy":"post_tag","embeddable":true,"href":"https:\/\/www.fuldaernachrichten.de\/index.php?rest_route=%2Fwp%2Fv2%2Ftags&post=112355"}],"curies":[{"name":"wp","href":"https:\/\/api.w.org\/{rel}","templated":true}]}}