{"id":112310,"date":"2013-08-05T16:15:47","date_gmt":"2013-08-05T16:15:47","guid":{"rendered":"http:\/\/www.fuldaer-nachrichten.de\/?p=112310"},"modified":"2013-08-06T18:01:54","modified_gmt":"2013-08-06T18:01:54","slug":"stromausfall-in-fulda-versorgungsunterbrechung-aufgrund-von-baggerarbeiten","status":"publish","type":"post","link":"https:\/\/www.fuldaernachrichten.de\/?p=112310","title":{"rendered":"Stromausfall in Fulda: Versorgungsunterbrechung aufgrund von Baggerarbeiten"},"content":{"rendered":"<p>Um kurz vor halb zw\u00f6lf Uhr kam es heute Mittag zu einer Versorgungsunterbrechung im Netz der \u00dcWAG Netz GmbH. Von diesem Stromausfall waren 3.635 Kunden in Fulda betroffen. Baggerarbeiten in Fulda haben ein Mittelspannungskabel besch\u00e4digt und einen Kurzschluss verursacht. Dadurch waren beispielsweise die Heinrichstra\u00dfe, K\u00fcnzellerstra\u00dfe, Gallasiniring und Dr.-Kopp-Stra\u00dfe teilweise von der Stromversorgung abgeschnitten. Die Spezialisten der \u00dcWAG Netz GmbH grenzten den Fehler schnell ein. Die Reparaturen haben begonnen, die Versorgung aller Kunden war nach 50 Minuten wieder hergestellt.<\/p>\n","protected":false},"excerpt":{"rendered":"<div class=\"tmnf_excerpt\"><p>Um kurz vor halb zw\u00f6lf Uhr kam es heute Mittag zu einer Versorgungsunterbrechung im Netz der \u00dcWAG Netz GmbH. Von diesem Stromausfall waren 3.635 Kunden in Fulda betroffen. Baggerarbeiten in Fulda haben ein Mittelspannungskabel besch\u00e4digt und einen Kurzschluss verursacht. Dadurch waren beispielsweise die Heinrichstra\u00dfe, K\u00fcnzellerstra\u00dfe, Gallasiniring und Dr.-Kopp-Stra\u00dfe teilweise von der Stromversorgung abgeschnitten. Die Spezialisten &hellip;<\/p>\n<\/div>","protected":false},"author":1,"featured_media":0,"comment_status":"closed","ping_status":"closed","sticky":false,"template":"","format":"standard","meta":{"footnotes":""},"categories":[1,48],"tags":[],"class_list":["post-112310","post","type-post","status-publish","format-standard","hentry","category-startseite","category-forschung"],"_links":{"self":[{"href":"https:\/\/www.fuldaernachrichten.de\/index.php?rest_route=\/wp\/v2\/posts\/112310","targetHints":{"allow":["GET"]}}],"collection":[{"href":"https:\/\/www.fuldaernachrichten.de\/index.php?rest_route=\/wp\/v2\/posts"}],"about":[{"href":"https:\/\/www.fuldaernachrichten.de\/index.php?rest_route=\/wp\/v2\/types\/post"}],"author":[{"embeddable":true,"href":"https:\/\/www.fuldaernachrichten.de\/index.php?rest_route=\/wp\/v2\/users\/1"}],"replies":[{"embeddable":true,"href":"https:\/\/www.fuldaernachrichten.de\/index.php?rest_route=%2Fwp%2Fv2%2Fcomments&post=112310"}],"version-history":[{"count":1,"href":"https:\/\/www.fuldaernachrichten.de\/index.php?rest_route=\/wp\/v2\/posts\/112310\/revisions"}],"predecessor-version":[{"id":112311,"href":"https:\/\/www.fuldaernachrichten.de\/index.php?rest_route=\/wp\/v2\/posts\/112310\/revisions\/112311"}],"wp:attachment":[{"href":"https:\/\/www.fuldaernachrichten.de\/index.php?rest_route=%2Fwp%2Fv2%2Fmedia&parent=112310"}],"wp:term":[{"taxonomy":"category","embeddable":true,"href":"https:\/\/www.fuldaernachrichten.de\/index.php?rest_route=%2Fwp%2Fv2%2Fcategories&post=112310"},{"taxonomy":"post_tag","embeddable":true,"href":"https:\/\/www.fuldaernachrichten.de\/index.php?rest_route=%2Fwp%2Fv2%2Ftags&post=112310"}],"curies":[{"name":"wp","href":"https:\/\/api.w.org\/{rel}","templated":true}]}}