{"id":1123,"date":"2007-01-24T22:18:16","date_gmt":"2007-01-24T21:18:16","guid":{"rendered":"http:\/\/www.schoene-nachrichten.de\/?p=1123"},"modified":"2007-01-24T22:18:16","modified_gmt":"2007-01-24T21:18:16","slug":"neuer-kurs-fur-krisenhelfer-der-malteser","status":"publish","type":"post","link":"https:\/\/www.fuldaernachrichten.de\/?p=1123","title":{"rendered":"Neuer Kurs f\u00fcr Krisenhelfer der Malteser"},"content":{"rendered":"<p><strong>Sch\u00f6nes aus Petersberg.<\/strong> Umfassend und erfahren bieten die Malteser seit vielen Jahren unter der Fachbezeichnung &#8220;Psychosoziale Notfallversorgung&#8221; ein ganzheitliches Betreuungssystem f\u00fcr Ungl\u00fccks- und Katastrophenf\u00e4lle. In der Petersberger Ortsgliederung ist f\u00fcr das Jahr 2007 als neues Aufgabenfeld die Gr\u00fcndung einer Gruppe zur Psychosozialen Unterst\u00fctzung vorgesehen.<\/p>\n<p>\u00c2\u00a0<\/p>\n<p><!--more-->Ortsbeauftragter Michael Kr\u00f6nung, selbst nach dem amerikanischen CISM (Critical Insident Stress Management) qualifiziert, baut zusammen mit der Sozialp\u00e4dagogin Monika Gonzalez Dehnhardt eine weitere Gruppe auf: &#8220;Vom Amoklauf bis zum Hochwasser, vom Busungl\u00fcck bis zum Dacheinsturz &#8211; was bei Katastrophen z\u00e4hlt, ist immer auch die Erste Hilfe f\u00fcr die Seele.&#8221; begr\u00fcndet Kr\u00f6nung sein ehrenamtliches und freiwilliges Engagement. &#8220;Wir richten uns darauf ein, auch die Notfallseelsorge zu unterst\u00fctzen, was f\u00fcr uns als katholische Hilfsorganisation nahe liegt&#8221;, erg\u00e4nzt Monika Gonzalez Dehnhardt, die hauptberuflich bei der Caritas t\u00e4tig ist. Das integrierte Hilfeleistungssystem der Malteser umfasst dabei Leistungen von der medizinischen \u00fcber die betreuungsdienstliche Versorgung bis zur Psychosozialen Unterst\u00fctzung mit Notfallseelsorge, Krisenintervention und Einsatznachsorge. Nach besonders belastenden Ereignissen ist die Betreuung von Betroffenen und Angeh\u00f6rigen, aber auch von Einsatzkr\u00e4ften nach Einsch\u00e4tzung der Malteser sehr wichtig.<\/p>\n<p>\u00c2\u00a0<\/p>\n<p>Die Marburger Psychologin Ulrike R\u00f6sler, die als Referentin bei den Maltesern f\u00fcr die Standardisierung der Ausbildung und die Qualit\u00e4t verantwortlich ist, erinnert in diesem Zusammenhang an die Kooperation der Malteser mit dem Berufsverband Deutscher Psychologinnen und Psychologen (BDP): &#8220;Somit k\u00f6nnen wir auf einen noch gr\u00f6\u00dferen Pool notfallpsychologisch geschulter Helfer zur\u00fcckgreifen.&#8221;<\/p>\n<p>\u00c2\u00a0<\/p>\n<p>Ende Februar beginnen die Malteser mit der Ausbildung neuer Helfer. In einem Grundlagenseminar zur Psychosozialen Unterst\u00fctzung, das zwei Wochenendschulungen beinhaltet, werden grundlegende Kenntnisse f\u00fcr die Arbeit im Bereich Notfallseelsorge, Krisenintervention und Einsatznachsorge vermittelt. Weitere Aufbaumodule sind in Planung. Vorraussetzungen f\u00fcr eine Ausbildung bei den Maltesern sind psychische und physische Stabilit\u00e4t und Belastbarkeit, die F\u00e4higkeit zur Selbst- und Fremdwahrnehmung, Eigenverantwortlichkeit und Teamf\u00e4higkeit sowie die \u00d6kumenische Offenheit und Achtung anderer Religionen, Weltanschauungen und Kulturen. Ein Mindestalter von 21 Jahren ist n\u00f6tig.<\/p>\n<p>\u00c2\u00a0<\/p>\n<p>N\u00e4here Informationen gibt es bei Michael Kr\u00f6nung unter Tel. 0661\/6790777 oder im Internet: <a href=\"http:\/\/www.malteser-petersberg.de\" target=\"_blank\">www.malteser-petersberg.de<\/a>.<\/p>\n","protected":false},"excerpt":{"rendered":"<div class=\"tmnf_excerpt\"><p>Sch\u00f6nes aus Petersberg. Umfassend und erfahren bieten die Malteser seit vielen Jahren unter der Fachbezeichnung &#8220;Psychosoziale Notfallversorgung&#8221; ein ganzheitliches Betreuungssystem f\u00fcr Ungl\u00fccks- und Katastrophenf\u00e4lle. In der Petersberger Ortsgliederung ist f\u00fcr das Jahr 2007 als neues Aufgabenfeld die Gr\u00fcndung einer Gruppe zur Psychosozialen Unterst\u00fctzung vorgesehen. \u00c2\u00a0<\/p>\n<\/div>","protected":false},"author":1,"featured_media":0,"comment_status":"closed","ping_status":"closed","sticky":false,"template":"","format":"standard","meta":{"footnotes":""},"categories":[1,53],"tags":[],"class_list":["post-1123","post","type-post","status-publish","format-standard","hentry","category-startseite","category-bildung"],"_links":{"self":[{"href":"https:\/\/www.fuldaernachrichten.de\/index.php?rest_route=\/wp\/v2\/posts\/1123","targetHints":{"allow":["GET"]}}],"collection":[{"href":"https:\/\/www.fuldaernachrichten.de\/index.php?rest_route=\/wp\/v2\/posts"}],"about":[{"href":"https:\/\/www.fuldaernachrichten.de\/index.php?rest_route=\/wp\/v2\/types\/post"}],"author":[{"embeddable":true,"href":"https:\/\/www.fuldaernachrichten.de\/index.php?rest_route=\/wp\/v2\/users\/1"}],"replies":[{"embeddable":true,"href":"https:\/\/www.fuldaernachrichten.de\/index.php?rest_route=%2Fwp%2Fv2%2Fcomments&post=1123"}],"version-history":[{"count":0,"href":"https:\/\/www.fuldaernachrichten.de\/index.php?rest_route=\/wp\/v2\/posts\/1123\/revisions"}],"wp:attachment":[{"href":"https:\/\/www.fuldaernachrichten.de\/index.php?rest_route=%2Fwp%2Fv2%2Fmedia&parent=1123"}],"wp:term":[{"taxonomy":"category","embeddable":true,"href":"https:\/\/www.fuldaernachrichten.de\/index.php?rest_route=%2Fwp%2Fv2%2Fcategories&post=1123"},{"taxonomy":"post_tag","embeddable":true,"href":"https:\/\/www.fuldaernachrichten.de\/index.php?rest_route=%2Fwp%2Fv2%2Ftags&post=1123"}],"curies":[{"name":"wp","href":"https:\/\/api.w.org\/{rel}","templated":true}]}}