{"id":1122,"date":"2007-01-25T00:01:54","date_gmt":"2007-01-24T23:01:54","guid":{"rendered":"http:\/\/www.schoene-nachrichten.de\/?p=1122"},"modified":"2007-01-25T00:01:54","modified_gmt":"2007-01-24T23:01:54","slug":"filzwerkstatt-fur-anfanger","status":"publish","type":"post","link":"https:\/\/www.fuldaernachrichten.de\/?p=1122","title":{"rendered":"Filzwerkstatt f\u00fcr Anf\u00e4nger"},"content":{"rendered":"<p><strong>Sch\u00f6nes aus Fulda.<\/strong> Das Filzen ist eine der \u00e4ltesten Techniken, um Wolle zu Stoff zu verarbeiten. Dazu sind keine technischen Hilfsmittel notwendig. Das Umweltzentrum Fulda bietet f\u00fcr Jugendliche und Erwachsene am Samstag, dem 10. Februar eine Filzwerkstatt f\u00fcr Anf\u00e4nger\/innen. Unter der fachkundigen Leitung von Frau Wegwerth werden die Grundlagen des Nassfilzens wie Formgebung, Musterfilzen, Verbindungen und nahtloses Rundumfilzen an Vollk\u00f6rpern, Fl\u00e4chen und Hohlk\u00f6rpern vermittelt. Es entstehen wundersch\u00f6ne, individuell gestaltete Objekte.<\/p>\n<p>\u00c2\u00a0<\/p>\n<p><a title=\"Foto: Umweltzentrum Fulda\" href=\"http:\/\/www.schoene-nachrichten.de\/wp-content\/uploads\/2007\/01\/070125_filzen_2.jpg\" target=\"_blank\"><img decoding=\"async\" id=\"image1121\" height=\"96\" alt=\"070125_filzen_2.jpg\" src=\"http:\/\/www.schoene-nachrichten.de\/wp-content\/uploads\/2007\/01\/070125_filzen_2.thumbnail.jpg\" \/><\/a>\u00c2\u00a0<a title=\"Foto: Umweltzentrum Fulda\" href=\"http:\/\/www.schoene-nachrichten.de\/wp-content\/uploads\/2007\/01\/070125_filzen_1.jpg\" target=\"_blank\"><img decoding=\"async\" id=\"image1120\" height=\"96\" alt=\"070125_filzen_1.jpg\" src=\"http:\/\/www.schoene-nachrichten.de\/wp-content\/uploads\/2007\/01\/070125_filzen_1.thumbnail.jpg\" \/><\/a><\/p>\n<p>\u00c2\u00a0<\/p>\n<p>Die Werkstatt dauert von 10.00 bis 17.30 Uhr, die Teilnahmegeb\u00fchr betr\u00e4gt 45,00 Euro incl. Material. Die Teilnehmerzahl ist begrenzt. Anmeldungen sind erforderlich und k\u00f6nnen bis zum 02.02. bei Frau Wegwerth (Tel. 06643 \/ 1275 oder email: <a href=\"mailto:FilzFarbeForm@gmx.de\">FilzFarbeForm@gmx.de<\/a>) erfolgen.<\/p>\n","protected":false},"excerpt":{"rendered":"<div class=\"tmnf_excerpt\"><p>Sch\u00f6nes aus Fulda. Das Filzen ist eine der \u00e4ltesten Techniken, um Wolle zu Stoff zu verarbeiten. Dazu sind keine technischen Hilfsmittel notwendig. Das Umweltzentrum Fulda bietet f\u00fcr Jugendliche und Erwachsene am Samstag, dem 10. Februar eine Filzwerkstatt f\u00fcr Anf\u00e4nger\/innen. Unter der fachkundigen Leitung von Frau Wegwerth werden die Grundlagen des Nassfilzens wie Formgebung, Musterfilzen, Verbindungen &hellip;<\/p>\n<\/div>","protected":false},"author":1,"featured_media":0,"comment_status":"closed","ping_status":"closed","sticky":false,"template":"","format":"standard","meta":{"footnotes":""},"categories":[1,53],"tags":[],"class_list":["post-1122","post","type-post","status-publish","format-standard","hentry","category-startseite","category-bildung"],"_links":{"self":[{"href":"https:\/\/www.fuldaernachrichten.de\/index.php?rest_route=\/wp\/v2\/posts\/1122","targetHints":{"allow":["GET"]}}],"collection":[{"href":"https:\/\/www.fuldaernachrichten.de\/index.php?rest_route=\/wp\/v2\/posts"}],"about":[{"href":"https:\/\/www.fuldaernachrichten.de\/index.php?rest_route=\/wp\/v2\/types\/post"}],"author":[{"embeddable":true,"href":"https:\/\/www.fuldaernachrichten.de\/index.php?rest_route=\/wp\/v2\/users\/1"}],"replies":[{"embeddable":true,"href":"https:\/\/www.fuldaernachrichten.de\/index.php?rest_route=%2Fwp%2Fv2%2Fcomments&post=1122"}],"version-history":[{"count":0,"href":"https:\/\/www.fuldaernachrichten.de\/index.php?rest_route=\/wp\/v2\/posts\/1122\/revisions"}],"wp:attachment":[{"href":"https:\/\/www.fuldaernachrichten.de\/index.php?rest_route=%2Fwp%2Fv2%2Fmedia&parent=1122"}],"wp:term":[{"taxonomy":"category","embeddable":true,"href":"https:\/\/www.fuldaernachrichten.de\/index.php?rest_route=%2Fwp%2Fv2%2Fcategories&post=1122"},{"taxonomy":"post_tag","embeddable":true,"href":"https:\/\/www.fuldaernachrichten.de\/index.php?rest_route=%2Fwp%2Fv2%2Ftags&post=1122"}],"curies":[{"name":"wp","href":"https:\/\/api.w.org\/{rel}","templated":true}]}}