{"id":112121,"date":"2013-08-01T09:30:18","date_gmt":"2013-08-01T09:30:18","guid":{"rendered":"http:\/\/www.fuldaer-nachrichten.de\/?p=112121"},"modified":"2013-08-01T09:30:18","modified_gmt":"2013-08-01T09:30:18","slug":"hervorragende-koordination-bei-grosbrand-einsatz-in-alsfeld","status":"publish","type":"post","link":"https:\/\/www.fuldaernachrichten.de\/?p=112121","title":{"rendered":"Hervorragende Koordination bei Gro\u00dfbrand-Einsatz in Alsfeld"},"content":{"rendered":"<p><img fetchpriority=\"high\" decoding=\"async\" class=\"alignleft size-thumbnail wp-image-112122\" alt=\"image001\" src=\"http:\/\/www.fuldaer-nachrichten.de\/wp-content\/uploads\/2013\/08\/image001-265x198.jpg\" width=\"265\" height=\"198\" srcset=\"https:\/\/www.fuldaernachrichten.de\/wp-content\/uploads\/2013\/08\/image001-265x198.jpg 265w, https:\/\/www.fuldaernachrichten.de\/wp-content\/uploads\/2013\/08\/image001.jpg 512w\" sizes=\"(max-width: 265px) 100vw, 265px\" \/>Alsfeld. Bei einem Gro\u00dfbrand am Stadtrand von Alsfeld ist am Mittwoch, 31. Juli, eine Lagerhalle in der Gr\u00f6\u00dfe zweier Fu\u00dfballfelder komplett abgebrannt und zusammengest\u00fcrzt. Ein angrenzendes vierst\u00f6ckiges B\u00fcrogeb\u00e4ude brannte zur H\u00e4lfte aus. In der Halle befand sich eine gro\u00dfe Menge hoch brennbaren Materials, vor allem Grillanz\u00fcnder und Feuerwerksk\u00f6rper. Es kam zu Verpuffungen und Z\u00fcndungen. Die zum Teil \u00fcber 40 Meter hohe Feuer- und Rauchs\u00e4ule war kilometerweit sichtbar. W\u00e4hrend der L\u00f6scharbeiten wurden drei Feuerwehrleute leicht verletzt. Der Brand war kurz nach f\u00fcnf Uhr morgens ausgebrochen.<!--more--><\/p>\n<p>\u00dcber 200 Feuerwehrleute bek\u00e4mpften den Brand. Landrat Manfred G\u00f6rig, der vor Ort die Lage in Augenschein nahm, und Kreisbrandinspektor Werner Rinke lobten die \u201ehervorragende Koordination und das hohe Engagement\u201c der Einsatzkr\u00e4fte aus insgesamt zehn Feuerwehren sowie des Rettungsdienstes und des THW. \u00dcber das Innenministerium hatte der KBI gro\u00dfe Mengen an L\u00f6sch-Schaum angefordert, um das auch nach 12 Stunden immer wieder aufflackernde Feuer zu ersticken.<\/p>\n<p><img decoding=\"async\" class=\"alignleft size-thumbnail wp-image-112125\" alt=\"image004\" src=\"http:\/\/www.fuldaer-nachrichten.de\/wp-content\/uploads\/2013\/08\/image004-265x163.jpg\" width=\"265\" height=\"163\" srcset=\"https:\/\/www.fuldaernachrichten.de\/wp-content\/uploads\/2013\/08\/image004-265x163.jpg 265w, https:\/\/www.fuldaernachrichten.de\/wp-content\/uploads\/2013\/08\/image004.jpg 512w\" sizes=\"(max-width: 265px) 100vw, 265px\" \/>Das THW hatte eine Wasserleitung zur Schwalm verlegt, um die Wehren aus Alsfeld, Lauterbach, Homberg, Romrod, Kirtorf, Werksfeuerwehr Ferrero Stadtallendorf, Neustadt, Fulda, Werksfeuerwehr STI, Werksfeuerwehr Infraserve H\u00f6chst mit ausreichend Wasser zu versorgen. Auch Rettungskr\u00e4fte sowie der DRK-Versorgungszug waren vor Ort. Feuerwehrleute lobten das solidarische Verhalten der Anwohner: \u201eImmer wieder ist uns Kaffee und etwas zu Essen angeboten worden\u201c.<\/p>\n<p><img decoding=\"async\" class=\"alignleft size-thumbnail wp-image-112123\" alt=\"image002\" src=\"http:\/\/www.fuldaer-nachrichten.de\/wp-content\/uploads\/2013\/08\/image002-265x169.jpg\" width=\"265\" height=\"169\" srcset=\"https:\/\/www.fuldaernachrichten.de\/wp-content\/uploads\/2013\/08\/image002-265x169.jpg 265w, https:\/\/www.fuldaernachrichten.de\/wp-content\/uploads\/2013\/08\/image002.jpg 512w\" sizes=\"(max-width: 265px) 100vw, 265px\" \/>Die Brandwache wird mindestens noch den gesamten Donnerstag in Anspruch nehmen. Die Ursache des Brandes und die H\u00f6he des Schadens stehen noch nicht fest. Die Kriminalpolizei hat Ermittlungen aufgenommen. Die Bundesstra\u00dfen 62 und 49 waren wegen der L\u00f6scharbeiten gesperrt. Nach Angaben von KBI Rinke war der Brand von der Ausdehnung her einer der gr\u00f6\u00dften der vergangenen Jahrzehnte im gesamten Vogelsbergkreis. \/ Fotos: Erich Ruhl<\/p>\n","protected":false},"excerpt":{"rendered":"<div class=\"tmnf_excerpt\"><p>Alsfeld. Bei einem Gro\u00dfbrand am Stadtrand von Alsfeld ist am Mittwoch, 31. Juli, eine Lagerhalle in der Gr\u00f6\u00dfe zweier Fu\u00dfballfelder komplett abgebrannt und zusammengest\u00fcrzt. Ein angrenzendes vierst\u00f6ckiges B\u00fcrogeb\u00e4ude brannte zur H\u00e4lfte aus. In der Halle befand sich eine gro\u00dfe Menge hoch brennbaren Materials, vor allem Grillanz\u00fcnder und Feuerwerksk\u00f6rper. Es kam zu Verpuffungen und Z\u00fcndungen. Die &hellip;<\/p>\n<\/div>","protected":false},"author":1,"featured_media":0,"comment_status":"closed","ping_status":"closed","sticky":false,"template":"","format":"standard","meta":{"footnotes":""},"categories":[1,71],"tags":[],"class_list":["post-112121","post","type-post","status-publish","format-standard","hentry","category-startseite","category-feuerwehr"],"_links":{"self":[{"href":"https:\/\/www.fuldaernachrichten.de\/index.php?rest_route=\/wp\/v2\/posts\/112121","targetHints":{"allow":["GET"]}}],"collection":[{"href":"https:\/\/www.fuldaernachrichten.de\/index.php?rest_route=\/wp\/v2\/posts"}],"about":[{"href":"https:\/\/www.fuldaernachrichten.de\/index.php?rest_route=\/wp\/v2\/types\/post"}],"author":[{"embeddable":true,"href":"https:\/\/www.fuldaernachrichten.de\/index.php?rest_route=\/wp\/v2\/users\/1"}],"replies":[{"embeddable":true,"href":"https:\/\/www.fuldaernachrichten.de\/index.php?rest_route=%2Fwp%2Fv2%2Fcomments&post=112121"}],"version-history":[{"count":1,"href":"https:\/\/www.fuldaernachrichten.de\/index.php?rest_route=\/wp\/v2\/posts\/112121\/revisions"}],"predecessor-version":[{"id":112127,"href":"https:\/\/www.fuldaernachrichten.de\/index.php?rest_route=\/wp\/v2\/posts\/112121\/revisions\/112127"}],"wp:attachment":[{"href":"https:\/\/www.fuldaernachrichten.de\/index.php?rest_route=%2Fwp%2Fv2%2Fmedia&parent=112121"}],"wp:term":[{"taxonomy":"category","embeddable":true,"href":"https:\/\/www.fuldaernachrichten.de\/index.php?rest_route=%2Fwp%2Fv2%2Fcategories&post=112121"},{"taxonomy":"post_tag","embeddable":true,"href":"https:\/\/www.fuldaernachrichten.de\/index.php?rest_route=%2Fwp%2Fv2%2Ftags&post=112121"}],"curies":[{"name":"wp","href":"https:\/\/api.w.org\/{rel}","templated":true}]}}