{"id":112064,"date":"2013-07-31T06:39:58","date_gmt":"2013-07-31T06:39:58","guid":{"rendered":"http:\/\/www.fuldaer-nachrichten.de\/?p=112064"},"modified":"2013-07-31T07:43:30","modified_gmt":"2013-07-31T07:43:30","slug":"menschen-im-bistum-fulda-solidarisch-2012-insgesamt-454-428-euro-an-spenden-fur-internationale-caritas-hilfe","status":"publish","type":"post","link":"https:\/\/www.fuldaernachrichten.de\/?p=112064","title":{"rendered":"Menschen im Bistum Fulda solidarisch: 2012 insgesamt 454.428 Euro an Spenden f\u00fcr internationale Caritas-Hilfe"},"content":{"rendered":"<p><b>Fulda, Freiburg (cif).<\/b> Opfer von Naturkatastrophen oder Menschen auf der Flucht vor bewaffneten Konflikten erhielten \u00fcber Caritas international auch im Jahr 2012 erhebliche Unterst\u00fctzung in Form von Spenden der B\u00fcrger aus dem Bistum Fulda. Dies zeigt eine aktuelle Aufstellung von Caritas international. Insgesamt erhielt das Hilfswerk des Deutschen Caritasverbandes, das weltweit in der Katastrophenhilfe t\u00e4tig ist, 454.428,59 Euro an Spenden aus dem hessischen Bistum.\u00c2\u00a0\u00c2\u00a0<!--more--><\/p>\n<p>Caritas International bietet Spendenwilligen dabei die M\u00f6glichkeit, durch Festlegung eines Spendenziels mitzubestimmen, wof\u00fcr ihr Geld eingesetzt werden soll. Den Akzent setzten die Spender aus den Regionen Fulda, Marburg, Kassel und Hanau dabei auf die aktuelle Katastrophenhilfe. Ferner flossen\u00c2\u00a0 insbesondere den von Caritas international aufgelegten Hilfsprojekten f\u00fcr Kongo (B\u00fcrgerkrieg, Milizen) und Syrien (Fl\u00fcchtlingsproblematik) sowie der D\u00fcrrehilfe in Afrika gr\u00f6\u00dfere Summen aus dem Fuldaer Spendenaufkommen zu.<\/p>\n<p>Drei gro\u00dfe Spenden an Caritas international im Gesamtwert von 170.000 Euro kamen von einer privaten Stiftung, die sich als Ziel die F\u00f6rderung von Kindern in medizinischer, erzieherischer und schulischer Sicht auf die Fahnen geschrieben hat. \u201eIch bin \u00e4u\u00dferst positiv beeindruckt von diesen Zahlen, die uns Caritas international gemeldet hat\u201c, hebt Di\u00f6zesan-Caritasdirektor Dr. Markus Juch hervor.<\/p>\n<p>\u201eDie Menschen hier im Bistum schauen \u00fcber den eigenen Tellerrand und sind bereit, weltweite Solidarit\u00e4t zu \u00fcben. Und die Spenden f\u00fcr Caritas international kommen an, das wei\u00df ich aus eigener Anschauung, nachdem ich 2011 bei Informationsreise Projekte in Kambodscha kennengelernt und gesehen habe, wie effizient und wohl durchdacht Hilfe zur Selbsthilfe geleistet wird. Herzlichen Dank auch im Namen des Di\u00f6zesan-Caritasverbandes Fulda an alle, die gespendet haben!\u201c<\/p>\n","protected":false},"excerpt":{"rendered":"<div class=\"tmnf_excerpt\"><p>Fulda, Freiburg (cif). Opfer von Naturkatastrophen oder Menschen auf der Flucht vor bewaffneten Konflikten erhielten \u00fcber Caritas international auch im Jahr 2012 erhebliche Unterst\u00fctzung in Form von Spenden der B\u00fcrger aus dem Bistum Fulda. Dies zeigt eine aktuelle Aufstellung von Caritas international. Insgesamt erhielt das Hilfswerk des Deutschen Caritasverbandes, das weltweit in der Katastrophenhilfe t\u00e4tig &hellip;<\/p>\n<\/div>","protected":false},"author":1,"featured_media":0,"comment_status":"closed","ping_status":"closed","sticky":false,"template":"","format":"standard","meta":{"footnotes":""},"categories":[1,50],"tags":[],"class_list":["post-112064","post","type-post","status-publish","format-standard","hentry","category-startseite","category-kirche"],"_links":{"self":[{"href":"https:\/\/www.fuldaernachrichten.de\/index.php?rest_route=\/wp\/v2\/posts\/112064","targetHints":{"allow":["GET"]}}],"collection":[{"href":"https:\/\/www.fuldaernachrichten.de\/index.php?rest_route=\/wp\/v2\/posts"}],"about":[{"href":"https:\/\/www.fuldaernachrichten.de\/index.php?rest_route=\/wp\/v2\/types\/post"}],"author":[{"embeddable":true,"href":"https:\/\/www.fuldaernachrichten.de\/index.php?rest_route=\/wp\/v2\/users\/1"}],"replies":[{"embeddable":true,"href":"https:\/\/www.fuldaernachrichten.de\/index.php?rest_route=%2Fwp%2Fv2%2Fcomments&post=112064"}],"version-history":[{"count":1,"href":"https:\/\/www.fuldaernachrichten.de\/index.php?rest_route=\/wp\/v2\/posts\/112064\/revisions"}],"predecessor-version":[{"id":112065,"href":"https:\/\/www.fuldaernachrichten.de\/index.php?rest_route=\/wp\/v2\/posts\/112064\/revisions\/112065"}],"wp:attachment":[{"href":"https:\/\/www.fuldaernachrichten.de\/index.php?rest_route=%2Fwp%2Fv2%2Fmedia&parent=112064"}],"wp:term":[{"taxonomy":"category","embeddable":true,"href":"https:\/\/www.fuldaernachrichten.de\/index.php?rest_route=%2Fwp%2Fv2%2Fcategories&post=112064"},{"taxonomy":"post_tag","embeddable":true,"href":"https:\/\/www.fuldaernachrichten.de\/index.php?rest_route=%2Fwp%2Fv2%2Ftags&post=112064"}],"curies":[{"name":"wp","href":"https:\/\/api.w.org\/{rel}","templated":true}]}}