{"id":112048,"date":"2013-07-31T07:26:37","date_gmt":"2013-07-31T07:26:37","guid":{"rendered":"http:\/\/www.fuldaer-nachrichten.de\/?p=112048"},"modified":"2013-07-31T07:27:02","modified_gmt":"2013-07-31T07:27:02","slug":"dr-hans-unbehauen-ein-eckstein-in-der-umweltbildung-der-region-fulda-in-den-ruhestand-verabschiedet","status":"publish","type":"post","link":"https:\/\/www.fuldaernachrichten.de\/?p=112048","title":{"rendered":"Dr. Hans Unbehauen \u2013 ein Eckstein in der Umweltbildung der Region Fulda \u2013 in den Ruhestand verabschiedet"},"content":{"rendered":"<div id=\"attachment_112050\" style=\"width: 465px\" class=\"wp-caption alignnone\"><img fetchpriority=\"high\" decoding=\"async\" aria-describedby=\"caption-attachment-112050\" class=\"size-full wp-image-112050\" alt=\"Dr. Hans Unbehauen (2.von links), mit Dr. Michael Imhof, vorm. Staatliches Schulamt, Volker Strauch, Leiter des Umweltzentrums  und Helmut S\u00e4mann, Direktor der Freiherr-vom-Stein-Schule (von links)\" src=\"http:\/\/www.fuldaer-nachrichten.de\/wp-content\/uploads\/2013\/07\/130731_Unbehauen1.jpg\" width=\"455\" height=\"341\" srcset=\"https:\/\/www.fuldaernachrichten.de\/wp-content\/uploads\/2013\/07\/130731_Unbehauen1.jpg 455w, https:\/\/www.fuldaernachrichten.de\/wp-content\/uploads\/2013\/07\/130731_Unbehauen1-265x198.jpg 265w\" sizes=\"(max-width: 455px) 100vw, 455px\" \/><p id=\"caption-attachment-112050\" class=\"wp-caption-text\">Dr. Hans Unbehauen (2.von links), mit Dr. Michael Imhof, vorm. Staatliches Schulamt, Volker Strauch, Leiter des Umweltzentrums und Helmut S\u00e4mann, Direktor der Freiherr-vom-Stein-Schule (von links)<\/p><\/div>\n<p>Fulda. Seit Anfang der 80er Jahre war Dr. Hans Unbehauen \u00fcber 30Jahre ma\u00dfgeblich an der Entwicklung und Begleitung der Umweltbildung in der Region Fulda durch Fortbildung und Konzeptentwicklung beteiligt. Jetzt wurde Dr. Unbehauen in den Ruhestand verabschiedet.<!--more--><\/p>\n<p>Anfang Oktober 1947 geboren, wuchs er im Hohenloheschen, in der N\u00e4he von Rothenburg ob der Tauber auf dem Lande auf. Seine Eltern hatten einen gro\u00dfen Bauernhof. Vielleicht liegen hier die Wurzeln f\u00fcr sein Interesse an Biologie und seinem Umweltengagement.<\/p>\n<p>1967 bis 1972 studierte er in T\u00fcbingen die F\u00e4cher Chemie, Biologie und Physik und war anschlie\u00dfend f\u00fcr ein Jahr als praktizierender Landwirt auf dem elterlichen Betrieb t\u00e4tig. Danach\u00c2\u00a0 begann er in T\u00fcbingen mit der Promotionsarbeit\u00c2\u00a0 in\u00c2\u00a0 einem zoophysiologischen Labor, das 1974 an die Justus-Liebig \u2013 Universit\u00e4t Gie\u00dfen umzog.<\/p>\n<p>1980, nach dem zwischenzeitlich absolvierten Referendariat am Studienseminar f\u00fcr Gymnasien in Fulda, promovierte er an der Universit\u00e4t T\u00fcbingen. Seit 1979\u00c2\u00a0 war er Lehrer am Marianum in Fulda und ab 1991\u00c2\u00a0 an der Freiherr- vom- Stein-Schule.\u00c2\u00a0 Seit Anfang der 80er Jahre engagierte sich Dr. Unbehauen in der Regionalen Lehrerfortbildung von HILF, HeLP und Staatlichem Schulamt. Ab 1991 hatte er die konzeptionelle und organisatorische Federf\u00fchrung f\u00fcr die Bereiche Naturwissenschaften, Umweltbildung und Schule &amp; Gesundheit in der regionalen Lehrerfortbildung inne.<\/p>\n<p>Sein berufliches Engagement schlug in \u201edrei Herzen\u201c: der Schule, also in der unterrichtlichen und p\u00e4dagogischen Arbeit mit den Sch\u00fclern, der regionalen und hessenweiten Lehrerfortbildung und der Umweltbildung im Umweltzentrum Fulda.<\/p>\n<p>Helmut S\u00e4mann, Direktor der Freiherr-vom-Stein-Schule, dankte Dr. Unbehauen f\u00fcr sein vielf\u00e4ltiges Engagement, das sich auch in bleibenden Formen abbildet, wie dem Schulgarten und in der Mensa der Schule.\u00c2\u00a0 In der Zusammenarbeit mit dem Antoniusheim ist sie notwendiger Teil einer Ganztagsschule und dient der Verpflegung der Sch\u00fcler. Sie ist aber auch dank Unbehauen ein kommunikatives Zentrum f\u00fcr den Lebensraum Stein-Schule und ein wichtiges Element der p\u00e4dagogischen Inklusion, des gemeinsamen Lernens von Jugendlichen mit unterschiedlichen Bildungsvoraussetzungen und Lernm\u00f6glichkeiten.<\/p>\n<p>Als Regionalkoordinator der hessischen Bildungsoffensive \u201eSchule &amp; Gesundheit\u201c war Dr. Unbehauen Moderator eines Verst\u00e4ndnisses von Schule, in dem der Sch\u00fcler im Mittelpunkt steht. Schule als Lernort und Lebensraum\u00c2\u00a0 sind f\u00fcr ihn gleicherma\u00dfen f\u00fcr den Bildungs- und Erziehungsprozess eines Menschen mitverantwortlich ist, wie Schulamtsdirektor a.D. Dr. Michael Imhof, langj\u00e4hrig Verantwortlicher f\u00fcr regionale Lehrerfortbildung und Schulberatung in der Region Fulda betonte. Dabei kamen Dr. Unbehauen neben seiner Fachkompetenz auch seine kommunikativen Fertigkeiten und seine Empathief\u00e4higkeit zu Nutze, sich in die Gef\u00fchlslagen anderer Menschen einzudenken und aus dem Rollenwechsel Kooperationsperspektiven zu entwickeln.<\/p>\n<p>Dass heute die Region Fulda in der Zertifizierung von erfolgreicher Bewegungsf\u00f6rderung, von Sucht- und Gewaltpr\u00e4vention, von gesunder Ern\u00e4hrung in der Schule und Verkehrserziehung wie von Umweltbildung hessenweit an der Spitze steht, so Dr. Imhof, ist nicht zuletzt dem unnachgiebigen Engagement von Dr. Unbehauen zu verdanken.<\/p>\n<p>Ma\u00dfgeblich war Dr. Unbehauen an der Konzeptentwicklung und Planung des Umweltzentrums Fulda im Rahme der 1. Hessischen Landesgartenschau von 1994 beteiligt. Dort leitete er im Team die vom Hessischen Kultusministerium eingerichtete \u201eLernwerkstatt \u00f6kologische Bildung\u201c.\u00c2\u00a0 Ein umfassendes Themenangebot zum Umweltlernen und zur nachhaltigen Naturerfahrung lockt j\u00e4hrlich um die 2000 Sch\u00fclerinnen und Sch\u00fcler aller Schulformen und Schulstufen mit ihren Lehrerinnen und Lehrern in das Umweltzentrum. Das \u00f6kologische Ensemble von Auenlandschaft, dem Flie\u00dfgew\u00e4sser Fulda, den Altarmen und Teichen sowie dem Umweltzentrum mit Bauerngarten, Streuobstwiese, naturpraktischen Workshopangeboten im Gew\u00e4chs- und Pflanzhaus, Ausstellungen, Diskussionsrunden und Vortragsveranstaltungen im Hauptgeb\u00e4ude machen das Umweltzentrum zu einem einmaligen au\u00dferschulischen Lern- und Erlebnisort der Umweltbildung. In dieser Entwicklung war und ist Dr. Unbehauen stetiger Impulsgeber.<\/p>\n<p>\u00dcber seine Vorstandsarbeit in der Arbeitsgemeinschaft der Natur- und Umweltbildungsst\u00e4tten ANU e.V. vernetzt er das Fuldaer Umweltzentrum hessenweit. So organisiert Unbehauen seit 2005 auch das Zertifikat \u201eUmweltschule\u201c, wof\u00fcr das Umweltzentrum Fulda eines der acht betreuenden Zentren in Hessen ist. Von den anf\u00e4nglich zwei bis drei Schulen in der Region sind heute 14 Schulen mit dem Zertifikat \u201eUmweltschule\u201c ausgestattet und werden vom Umweltzentrum begleitet.<\/p>\n<p>Seit Herbst 2012 setzt Dr. Unbehauen seine Erfahrungen im \u201eNetzwerken\u201c auch f\u00fcr das vom Bundesbildungsministerium gef\u00f6rderte Projekt ein, in dem f\u00fcr Osthessen ein Netzwerk zur Bildung f\u00fcr Nachhaltige Entwicklung organisiert und betreut wird.<\/p>\n<p>Das sieht auch der Leiter des Umweltzentrums, Herr Volker Strauch, im Pressegespr\u00e4ch so: \u201eSein Erfahrungen und vielf\u00e4ltigen Kontakte haben erheblich dazu beigetragen, dass das Umweltzentrum Fulda im Bereich der schulischen Bildung und auch dar\u00fcber hinaus als Bildungs-, Beratungs- und Kommunikationsort eine gesch\u00e4tzte Institution geworden ist.\u201c<\/p>\n<p>Seine Orientierung sind die Sch\u00fclerinnen und Sch\u00fcler. Ihnen Selbstbewusstsein und Verantwortungsbewusstsein f\u00fcr sich, ihre Nachbarn und ihre Umwelt zu vermitteln, sei die zugrundeliegende Philosophie seines p\u00e4dagogischen Handelns. Dies verwirklichte er t\u00e4glich in seinem Unterricht, in der Umwelt-AG der Freiherr-vom-Stein-Schule und im Umweltzentrum. Wertsch\u00e4tzung und Anerkennung sind f\u00fcr ihn Handlungsmaxime, hob Dr. Imhof in seiner Laudatio anl\u00e4sslich der Verabschiedung von Dr. Unbehauen aus dem Schuldienst hervor. Dr. Unbehauen habe sich um Schule und P\u00e4dagogik, um Fortbildung und Umweltbildung in der Region Fulda und im Lande Hessen verdient gemacht. Daf\u00fcr sei ihm besonderer Dank schuldig.<\/p>\n","protected":false},"excerpt":{"rendered":"<div class=\"tmnf_excerpt\"><p>Fulda. Seit Anfang der 80er Jahre war Dr. Hans Unbehauen \u00fcber 30Jahre ma\u00dfgeblich an der Entwicklung und Begleitung der Umweltbildung in der Region Fulda durch Fortbildung und Konzeptentwicklung beteiligt. Jetzt wurde Dr. Unbehauen in den Ruhestand verabschiedet.<\/p>\n<\/div>","protected":false},"author":1,"featured_media":0,"comment_status":"closed","ping_status":"closed","sticky":false,"template":"","format":"standard","meta":{"footnotes":""},"categories":[1,53],"tags":[],"class_list":["post-112048","post","type-post","status-publish","format-standard","hentry","category-startseite","category-bildung"],"_links":{"self":[{"href":"https:\/\/www.fuldaernachrichten.de\/index.php?rest_route=\/wp\/v2\/posts\/112048","targetHints":{"allow":["GET"]}}],"collection":[{"href":"https:\/\/www.fuldaernachrichten.de\/index.php?rest_route=\/wp\/v2\/posts"}],"about":[{"href":"https:\/\/www.fuldaernachrichten.de\/index.php?rest_route=\/wp\/v2\/types\/post"}],"author":[{"embeddable":true,"href":"https:\/\/www.fuldaernachrichten.de\/index.php?rest_route=\/wp\/v2\/users\/1"}],"replies":[{"embeddable":true,"href":"https:\/\/www.fuldaernachrichten.de\/index.php?rest_route=%2Fwp%2Fv2%2Fcomments&post=112048"}],"version-history":[{"count":2,"href":"https:\/\/www.fuldaernachrichten.de\/index.php?rest_route=\/wp\/v2\/posts\/112048\/revisions"}],"predecessor-version":[{"id":112052,"href":"https:\/\/www.fuldaernachrichten.de\/index.php?rest_route=\/wp\/v2\/posts\/112048\/revisions\/112052"}],"wp:attachment":[{"href":"https:\/\/www.fuldaernachrichten.de\/index.php?rest_route=%2Fwp%2Fv2%2Fmedia&parent=112048"}],"wp:term":[{"taxonomy":"category","embeddable":true,"href":"https:\/\/www.fuldaernachrichten.de\/index.php?rest_route=%2Fwp%2Fv2%2Fcategories&post=112048"},{"taxonomy":"post_tag","embeddable":true,"href":"https:\/\/www.fuldaernachrichten.de\/index.php?rest_route=%2Fwp%2Fv2%2Ftags&post=112048"}],"curies":[{"name":"wp","href":"https:\/\/api.w.org\/{rel}","templated":true}]}}