{"id":112037,"date":"2013-07-31T00:12:56","date_gmt":"2013-07-31T00:12:56","guid":{"rendered":"http:\/\/www.fuldaer-nachrichten.de\/?p=112037"},"modified":"2013-07-30T16:23:37","modified_gmt":"2013-07-30T16:23:37","slug":"die-jahrestagung-der-buro-profis-steht-an","status":"publish","type":"post","link":"https:\/\/www.fuldaernachrichten.de\/?p=112037","title":{"rendered":"Die Jahrestagung der B\u00fcro-Profis steht an"},"content":{"rendered":"<p>Mainz\/Fulda. Zu der am Freitag, 13.09.2013 in Fulda stattfindenden Mitgliederversammlung des Berufsverbandes BooND e. V. werden zahlreiche Mitglieder aus ganz Deutschland erwartet.\u00c2\u00a0 \u201eAnl\u00e4sslich dieser Veranstaltung soll auch das zehnj\u00e4hrige Verbandsbestehen gew\u00fcrdigt werden\u201c so die 1. Vorsitzende Helga Zimmermann zu den Planungen. <!--more--><br \/>\nEntstanden ist BooND e. V. im Jahr 2003 aus der Vorg\u00e4ngervereinigung VBB. Die damalige Gr\u00fcndungsinitiatorin und erste Vorsitzende Kerstin-Maria Zahrndt wollte jungen Existenzgr\u00fcnderinnen mit dem Netzwerk eine Unterst\u00fctzung f\u00fcr die Zeit nach dem Schritt in die Selbstst\u00e4ndigkeit bieten.\u00c2\u00a0 Am 13.09.2003 war es dann soweit: 11 Freiberuflerinnen aus der B\u00fcrobranche haben BooND gegr\u00fcndet, der sich in den darauffolgenden Jahren zu einem lebendigen Berufsverband entwickelt hat.<\/p>\n<p>Hier haben Profis aus den verschiedensten B\u00fcrodienstleistungsbereichen eine Heimat gefunden. Deren Angebote umfassen z. B. B\u00fcromanagementberatung, mobiler Sekretariatsservice, Sortierdienst, Veranstaltungsmanagement, Buchhaltung\/Fakturierung, Seminare und Coaching.<\/p>\n<p>Da die BooND-Mitglieder \u00fcber das gesamte Bundesgebiet verteilt sind, muss das Networking auf vielen Kan\u00e4len ablaufen. Neben der Kommunikation per E-Mail, Xing und Facebook spielen die Regionalgruppen eine gro\u00dfe Rolle. Dort treffen sich Interessierte zum zwanglosen Meinungsaustausch und zu den verschiedensten Fortbildungsveranstaltungen.<\/p>\n<p>Da kompetente B\u00fcrodienstleister fach\u00fcbergreifend Kenntnisse in vielen Bereichen ben\u00f6tigen, wird auch im Rahmen der Jahresversammlung eine hochkar\u00e4tige Fortbildung angeboten: Am Sonnabend, 14.09.2013 besch\u00e4ftigt sich die Referentin Anita Berres mit dem Thema \u201eSelbstvermarktung\u201c.<\/p>\n<p>Zu diesem Seminar sind auch Nicht-Mitglieder zum Selbstkostenpreis herzlich eingeladen!<\/p>\n","protected":false},"excerpt":{"rendered":"<div class=\"tmnf_excerpt\"><p>Mainz\/Fulda. Zu der am Freitag, 13.09.2013 in Fulda stattfindenden Mitgliederversammlung des Berufsverbandes BooND e. V. werden zahlreiche Mitglieder aus ganz Deutschland erwartet.\u00c2\u00a0 \u201eAnl\u00e4sslich dieser Veranstaltung soll auch das zehnj\u00e4hrige Verbandsbestehen gew\u00fcrdigt werden\u201c so die 1. Vorsitzende Helga Zimmermann zu den Planungen.<\/p>\n<\/div>","protected":false},"author":1,"featured_media":0,"comment_status":"closed","ping_status":"closed","sticky":false,"template":"","format":"standard","meta":{"footnotes":""},"categories":[1],"tags":[],"class_list":["post-112037","post","type-post","status-publish","format-standard","hentry","category-startseite"],"_links":{"self":[{"href":"https:\/\/www.fuldaernachrichten.de\/index.php?rest_route=\/wp\/v2\/posts\/112037","targetHints":{"allow":["GET"]}}],"collection":[{"href":"https:\/\/www.fuldaernachrichten.de\/index.php?rest_route=\/wp\/v2\/posts"}],"about":[{"href":"https:\/\/www.fuldaernachrichten.de\/index.php?rest_route=\/wp\/v2\/types\/post"}],"author":[{"embeddable":true,"href":"https:\/\/www.fuldaernachrichten.de\/index.php?rest_route=\/wp\/v2\/users\/1"}],"replies":[{"embeddable":true,"href":"https:\/\/www.fuldaernachrichten.de\/index.php?rest_route=%2Fwp%2Fv2%2Fcomments&post=112037"}],"version-history":[{"count":1,"href":"https:\/\/www.fuldaernachrichten.de\/index.php?rest_route=\/wp\/v2\/posts\/112037\/revisions"}],"predecessor-version":[{"id":112038,"href":"https:\/\/www.fuldaernachrichten.de\/index.php?rest_route=\/wp\/v2\/posts\/112037\/revisions\/112038"}],"wp:attachment":[{"href":"https:\/\/www.fuldaernachrichten.de\/index.php?rest_route=%2Fwp%2Fv2%2Fmedia&parent=112037"}],"wp:term":[{"taxonomy":"category","embeddable":true,"href":"https:\/\/www.fuldaernachrichten.de\/index.php?rest_route=%2Fwp%2Fv2%2Fcategories&post=112037"},{"taxonomy":"post_tag","embeddable":true,"href":"https:\/\/www.fuldaernachrichten.de\/index.php?rest_route=%2Fwp%2Fv2%2Ftags&post=112037"}],"curies":[{"name":"wp","href":"https:\/\/api.w.org\/{rel}","templated":true}]}}