{"id":112032,"date":"2013-07-31T00:14:18","date_gmt":"2013-07-31T00:14:18","guid":{"rendered":"http:\/\/www.fuldaer-nachrichten.de\/?p=112032"},"modified":"2013-07-30T16:21:58","modified_gmt":"2013-07-30T16:21:58","slug":"10-jahriges-jubilaum-in-der-kindertagesstatte-die-hobbits","status":"publish","type":"post","link":"https:\/\/www.fuldaernachrichten.de\/?p=112032","title":{"rendered":"10-j\u00e4hriges Jubil\u00e4um in der Kindertagesst\u00e4tte &#8220;Die Hobbits&#8221;"},"content":{"rendered":"<p><img decoding=\"async\" class=\"alignleft size-thumbnail wp-image-112033\" alt=\"Kita Hobbits\" src=\"http:\/\/www.fuldaer-nachrichten.de\/wp-content\/uploads\/2013\/07\/Kita-Hobbits-265x176.jpg\" width=\"265\" height=\"176\" srcset=\"https:\/\/www.fuldaernachrichten.de\/wp-content\/uploads\/2013\/07\/Kita-Hobbits-265x176.jpg 265w, https:\/\/www.fuldaernachrichten.de\/wp-content\/uploads\/2013\/07\/Kita-Hobbits.jpg 600w\" sizes=\"(max-width: 265px) 100vw, 265px\" \/>Fulda (cp). Bei strahlendem Sonnenschein wurde in der Kita &#8220;Die Hobbits&#8221; in Ziehers S\u00fcd gefeiert. Das 10. Jubil\u00e4um wurde von den Kindern und Erzieherinnen mit dem Projekt &#8220;Die Zahlen im Zahlenraum 1 bis 10&#8221; vorbereitet \u2013 die alles bestimmende Frage der Kinder dabei war: Wie kann unser Kindergarten denn Geburtstag haben? Wie so ein Kindergartengeburtstag dann so gefeiert wird, konnten die Kinder, Eltern, Omas, Opas, Freunde und Erzieherinnen im Beisein von Oberb\u00fcrgermeister Gerhard M\u00f6ller hautnah miterleben.<!--more--><\/p>\n<p>Ziel war es an diesem Tag auch, die Kooperationspartner in der Region S\u00fcd vorzustellen, den Eltern &#8220;greifbar&#8221; zu machen, um Hemmungen abzubauen und Br\u00fccken zu bauen. Das Jubil\u00e4um wurde vom Team der Kita &#8220;Die Hobbits&#8221; ebenfalls dazu genutzt, den symbolischen Schl\u00fcssel an die neue Leitung Laura Gro\u00df zu \u00fcbergeben.<\/p>\n<p>Sie wird ab dem 01. August 2013 Kerstin Kupfer abl\u00f6sen, die nach zehn Jahren die Einrichtung verl\u00e4sst, um dann ab sofort die neue U3- Einrichtung in der Sturmiusschule zu leiten. Unterst\u00fctzt wurde das Team an diesem Tag vom Deutsch-Amerikanischen Freundschafts-, Kultur- &amp; Sportverein KONTAKT Fulda, der den Burgerwagen zur Verf\u00fcgung stellte und von den Jugendlichen vom &#8220;Casino M\u00fcnsterfeld&#8221;, die den Burgerwagen betreuten. Die Einnahmen aus dem Kuchen- und Burgerverkauf kamen als Spende den Flutopfern zu Gute.<\/p>\n","protected":false},"excerpt":{"rendered":"<div class=\"tmnf_excerpt\"><p>Fulda (cp). Bei strahlendem Sonnenschein wurde in der Kita &#8220;Die Hobbits&#8221; in Ziehers S\u00fcd gefeiert. Das 10. Jubil\u00e4um wurde von den Kindern und Erzieherinnen mit dem Projekt &#8220;Die Zahlen im Zahlenraum 1 bis 10&#8221; vorbereitet \u2013 die alles bestimmende Frage der Kinder dabei war: Wie kann unser Kindergarten denn Geburtstag haben? Wie so ein Kindergartengeburtstag &hellip;<\/p>\n<\/div>","protected":false},"author":1,"featured_media":0,"comment_status":"closed","ping_status":"closed","sticky":false,"template":"","format":"standard","meta":{"footnotes":""},"categories":[1],"tags":[],"class_list":["post-112032","post","type-post","status-publish","format-standard","hentry","category-startseite"],"_links":{"self":[{"href":"https:\/\/www.fuldaernachrichten.de\/index.php?rest_route=\/wp\/v2\/posts\/112032","targetHints":{"allow":["GET"]}}],"collection":[{"href":"https:\/\/www.fuldaernachrichten.de\/index.php?rest_route=\/wp\/v2\/posts"}],"about":[{"href":"https:\/\/www.fuldaernachrichten.de\/index.php?rest_route=\/wp\/v2\/types\/post"}],"author":[{"embeddable":true,"href":"https:\/\/www.fuldaernachrichten.de\/index.php?rest_route=\/wp\/v2\/users\/1"}],"replies":[{"embeddable":true,"href":"https:\/\/www.fuldaernachrichten.de\/index.php?rest_route=%2Fwp%2Fv2%2Fcomments&post=112032"}],"version-history":[{"count":1,"href":"https:\/\/www.fuldaernachrichten.de\/index.php?rest_route=\/wp\/v2\/posts\/112032\/revisions"}],"predecessor-version":[{"id":112034,"href":"https:\/\/www.fuldaernachrichten.de\/index.php?rest_route=\/wp\/v2\/posts\/112032\/revisions\/112034"}],"wp:attachment":[{"href":"https:\/\/www.fuldaernachrichten.de\/index.php?rest_route=%2Fwp%2Fv2%2Fmedia&parent=112032"}],"wp:term":[{"taxonomy":"category","embeddable":true,"href":"https:\/\/www.fuldaernachrichten.de\/index.php?rest_route=%2Fwp%2Fv2%2Fcategories&post=112032"},{"taxonomy":"post_tag","embeddable":true,"href":"https:\/\/www.fuldaernachrichten.de\/index.php?rest_route=%2Fwp%2Fv2%2Ftags&post=112032"}],"curies":[{"name":"wp","href":"https:\/\/api.w.org\/{rel}","templated":true}]}}