{"id":112027,"date":"2013-07-31T00:13:13","date_gmt":"2013-07-31T00:13:13","guid":{"rendered":"http:\/\/www.fuldaer-nachrichten.de\/?p=112027"},"modified":"2013-07-30T16:17:53","modified_gmt":"2013-07-30T16:17:53","slug":"fusweg-und-parkplatze-werden-in-hunfeld-neu-gestaltet-baumasnahmen-im-rahmen-des-forderprogramms-soziale-stadt","status":"publish","type":"post","link":"https:\/\/www.fuldaernachrichten.de\/?p=112027","title":{"rendered":"Fu\u00dfweg und Parkpl\u00e4tze werden in H\u00fcnfeld neu gestaltet &#8211; Bauma\u00dfnahmen im Rahmen des F\u00f6rderprogramms \u201eSoziale Stadt\u201c"},"content":{"rendered":"<p>H\u00fcnfeld.<b> <\/b>Bis Ende Oktober soll der Verbindungsweg \u201eZu den Kloster\u00e4ckern\u201c zwischen der Molzbacher Stra\u00dfe und dem Wartburgring in H\u00fcnfeld in Pflasterbauweise ausgebaut werden. Wie Erste Stadtr\u00e4tin Monika Mihm dazu mitteilt, wird dieses Vorhaben im Rahmen des F\u00f6rderprogramms \u201eSoziale Stadt\u201c finanziert.<!--more--><\/p>\n<p>Dar\u00fcber hinaus ist im Rahmen dieses Progamms die Erneuerung der Stellpl\u00e4tze in der Bodelschwinghstra\u00dfe zwischen der Einm\u00fcndung Friedrich-Ebert-Stra\u00dfe und dem Wilhelm-Eisen-Weg vorgesehen. Die Auftr\u00e4ge f\u00fcr diese Bauma\u00dfnahme wurden an ein Unternehmen aus der Region mittlerweile vergeben. In diesem Zusammenhang soll k\u00fcnftig auch der Einm\u00fcndungsbereich zur Friedrich-Ebert-Stra\u00dfe\/Karl Medler-Stra\u00dfe im Rahmen des Programms \u201eSoziale Stadt\u201c gestalterisch aufgewertet werden. Au\u00dferdem wird der angrenzende Gehweg dort erneuert.<\/p>\n<p>Anlieger, die sich \u00fcber diese Vorhaben informieren wollen, k\u00f6nnen die Pl\u00e4ne zu den \u00fcblichen Sprechzeiten im H\u00fcnfelder Rathaus, Zimmer 405, einsehen.<\/p>\n","protected":false},"excerpt":{"rendered":"<div class=\"tmnf_excerpt\"><p>H\u00fcnfeld. Bis Ende Oktober soll der Verbindungsweg \u201eZu den Kloster\u00e4ckern\u201c zwischen der Molzbacher Stra\u00dfe und dem Wartburgring in H\u00fcnfeld in Pflasterbauweise ausgebaut werden. Wie Erste Stadtr\u00e4tin Monika Mihm dazu mitteilt, wird dieses Vorhaben im Rahmen des F\u00f6rderprogramms \u201eSoziale Stadt\u201c finanziert.<\/p>\n<\/div>","protected":false},"author":1,"featured_media":0,"comment_status":"closed","ping_status":"closed","sticky":false,"template":"","format":"standard","meta":{"footnotes":""},"categories":[1,35],"tags":[],"class_list":["post-112027","post","type-post","status-publish","format-standard","hentry","category-startseite","category-auto"],"_links":{"self":[{"href":"https:\/\/www.fuldaernachrichten.de\/index.php?rest_route=\/wp\/v2\/posts\/112027","targetHints":{"allow":["GET"]}}],"collection":[{"href":"https:\/\/www.fuldaernachrichten.de\/index.php?rest_route=\/wp\/v2\/posts"}],"about":[{"href":"https:\/\/www.fuldaernachrichten.de\/index.php?rest_route=\/wp\/v2\/types\/post"}],"author":[{"embeddable":true,"href":"https:\/\/www.fuldaernachrichten.de\/index.php?rest_route=\/wp\/v2\/users\/1"}],"replies":[{"embeddable":true,"href":"https:\/\/www.fuldaernachrichten.de\/index.php?rest_route=%2Fwp%2Fv2%2Fcomments&post=112027"}],"version-history":[{"count":1,"href":"https:\/\/www.fuldaernachrichten.de\/index.php?rest_route=\/wp\/v2\/posts\/112027\/revisions"}],"predecessor-version":[{"id":112028,"href":"https:\/\/www.fuldaernachrichten.de\/index.php?rest_route=\/wp\/v2\/posts\/112027\/revisions\/112028"}],"wp:attachment":[{"href":"https:\/\/www.fuldaernachrichten.de\/index.php?rest_route=%2Fwp%2Fv2%2Fmedia&parent=112027"}],"wp:term":[{"taxonomy":"category","embeddable":true,"href":"https:\/\/www.fuldaernachrichten.de\/index.php?rest_route=%2Fwp%2Fv2%2Fcategories&post=112027"},{"taxonomy":"post_tag","embeddable":true,"href":"https:\/\/www.fuldaernachrichten.de\/index.php?rest_route=%2Fwp%2Fv2%2Ftags&post=112027"}],"curies":[{"name":"wp","href":"https:\/\/api.w.org\/{rel}","templated":true}]}}