{"id":112015,"date":"2013-07-31T00:15:54","date_gmt":"2013-07-31T00:15:54","guid":{"rendered":"http:\/\/www.fuldaer-nachrichten.de\/?p=112015"},"modified":"2013-07-30T16:09:12","modified_gmt":"2013-07-30T16:09:12","slug":"mit-charme-und-fachkenntnis-spanischer-zahnarzt-in-fulda","status":"publish","type":"post","link":"https:\/\/www.fuldaernachrichten.de\/?p=112015","title":{"rendered":"Mit Charme und Fachkenntnis &#8211; Spanischer Zahnarzt in Fulda"},"content":{"rendered":"<div id=\"attachment_112016\" style=\"width: 275px\" class=\"wp-caption alignleft\"><img fetchpriority=\"high\" decoding=\"async\" aria-describedby=\"caption-attachment-112016\" class=\"size-thumbnail wp-image-112016\" alt=\"\u201eJuan\u201c einmal in Zivil ganz l\u00e4ssig auf dem Behandlungsstuhl. (privat)\" src=\"http:\/\/www.fuldaer-nachrichten.de\/wp-content\/uploads\/2013\/07\/Juan-265x399.jpg\" width=\"265\" height=\"399\" srcset=\"https:\/\/www.fuldaernachrichten.de\/wp-content\/uploads\/2013\/07\/Juan-265x399.jpg 265w, https:\/\/www.fuldaernachrichten.de\/wp-content\/uploads\/2013\/07\/Juan.jpg 399w\" sizes=\"(max-width: 265px) 100vw, 265px\" \/><p id=\"caption-attachment-112016\" class=\"wp-caption-text\">\u201eJuan\u201c einmal in Zivil ganz l\u00e4ssig auf dem Behandlungsstuhl. (privat)<\/p><\/div>\n<p>Fulda. Dr. Ludger Ernst, Zahnarzt in der Fuldaer Sturmiusstra\u00dfe, sucht schon lange Zahn\u00e4rzte, die sein Team verst\u00e4rken. \u201eIm Wettbewerb mit den deutschen Metropolen hat Fulda h\u00e4ufig das Nachsehen\u201c, sagt der 56j\u00e4hrige. Viele junge Zahn\u00e4rzte strebten in die Gro\u00dfst\u00e4dte. Bleibt nur noch die Besch\u00e4ftigung von Zahn\u00e4rzten aus dem Ausland und h\u00e4ufig damit verbundenen Sprachproblemen. Seit 1. Juli hat die Zahnarztpraxis Ernst jetzt einen fertig ausgebildeten spanischen Zahnarzt besch\u00e4ftigt. Die Mitarbeiter der Praxis sind begeistert vom Charme und den guten Sprachkenntnissen des Dentisten aus Barcelona.<!--more--><\/p>\n<p>Hans-Klaus Sablotni \u2013 in Spanien wird er Juan Sablotni Aguilera gerufen \u2013 hat Fuldaer Wurzeln. Sein Vater stammt aus Flieden, seine Mutter aus Andalusien. Im Alter von zwei Jahren siedelten die Eltern \u00fcber nach Barcelona. Hier besuchte der heute 27j\u00e4hrige die deutsche Schule und absolvierte sein Zahnmedizinstudium. Den Kontakt zu seiner Geburtsstadt hat er nie verloren und jedes Jahr in den Ferien seine Gro\u00dfeltern in Fulda besucht.<\/p>\n<p>Das Zahnarztdiplom ist in Spanien jedoch nicht automatisch die Eintrittskarte in eine erfolgreiche berufliche Karriere. Anders als in Deutschland m\u00fcssen in Spanien fast alle Zahnarztleistungen privat gezahlt werden. Lediglich bei akuten Schmerzen oder wenn ein Zahn gezogen werden m\u00fcsse, komme die staatliche Versicherung auf. Aufgrund der schwierigen wirtschaftlichen Lage w\u00fcrden sich viele Menschen deshalb das Geld f\u00fcr den Zahnarzt sparen, Jobs seien dementsprechend Mangelware. Einige Kollegen seines Jahrganges gingen nach Frankreich, andere nach England und jetzt auch mehrere nach Deutschland.<\/p>\n<p>\u201eDeutschland kam f\u00fcr mich aufgrund meiner Sprachkenntnisse nat\u00fcrlich auch in Frage, aber ich wollte eher in eine Gro\u00dfstadt\u201c, sagt Hans-Klaus Sablotni. Dass es Fulda geworden ist, hat er seinem Vater zu verdanken, der in einer Fachzeitschrift die Stellenanzeige der Praxis Ernst gelesen hat. \u201eDa habe ich mich an meine Wurzeln erinnert und mir Fulda einmal n\u00e4her angeschaut.\u201c Nach zwei Kurztrips und mehreren Besuchen in der Zahnarztpraxis stand fest, dass er es versuchen wollte. Zun\u00e4chst war jedoch noch die Frage der Approbation zu kl\u00e4ren. Die Ausbildung in Spanien findet ausschlie\u00dflich an der Universit\u00e4t statt ohne Assistenzzeit. Allerdings enthalten die letzten drei Jahre schon umfangreiche Praxisphasen.<\/p>\n<p>Der Katalane will in Fulda fu\u00dffassen und gleichzeitig seine spanischen Wurzeln nicht verleugnen. So kann er sich gut vorstellen, zahn\u00e4rztlicher Ansprechpartner f\u00fcr die spanisch sprechende Gemeinde in Fulda zu sein. Ob er auch wieder seinem Hobby Fu\u00dfball fr\u00f6nen kann, wei\u00df er noch nicht. In Barcelona spielte er w\u00e4hrend seiner Studienzeit in einer h\u00f6heren Amateurklasse. In Fulda wird aber erst einmal die Zahnarztt\u00e4tigkeit im Vordergrund stehen mit wenig Zeit f\u00fcr das Fu\u00dfballtraining.<\/p>\n","protected":false},"excerpt":{"rendered":"<div class=\"tmnf_excerpt\"><p>Fulda. Dr. Ludger Ernst, Zahnarzt in der Fuldaer Sturmiusstra\u00dfe, sucht schon lange Zahn\u00e4rzte, die sein Team verst\u00e4rken. \u201eIm Wettbewerb mit den deutschen Metropolen hat Fulda h\u00e4ufig das Nachsehen\u201c, sagt der 56j\u00e4hrige. Viele junge Zahn\u00e4rzte strebten in die Gro\u00dfst\u00e4dte. Bleibt nur noch die Besch\u00e4ftigung von Zahn\u00e4rzten aus dem Ausland und h\u00e4ufig damit verbundenen Sprachproblemen. Seit 1. &hellip;<\/p>\n<\/div>","protected":false},"author":1,"featured_media":0,"comment_status":"closed","ping_status":"closed","sticky":false,"template":"","format":"standard","meta":{"footnotes":""},"categories":[1,51],"tags":[],"class_list":["post-112015","post","type-post","status-publish","format-standard","hentry","category-startseite","category-medizin"],"_links":{"self":[{"href":"https:\/\/www.fuldaernachrichten.de\/index.php?rest_route=\/wp\/v2\/posts\/112015","targetHints":{"allow":["GET"]}}],"collection":[{"href":"https:\/\/www.fuldaernachrichten.de\/index.php?rest_route=\/wp\/v2\/posts"}],"about":[{"href":"https:\/\/www.fuldaernachrichten.de\/index.php?rest_route=\/wp\/v2\/types\/post"}],"author":[{"embeddable":true,"href":"https:\/\/www.fuldaernachrichten.de\/index.php?rest_route=\/wp\/v2\/users\/1"}],"replies":[{"embeddable":true,"href":"https:\/\/www.fuldaernachrichten.de\/index.php?rest_route=%2Fwp%2Fv2%2Fcomments&post=112015"}],"version-history":[{"count":1,"href":"https:\/\/www.fuldaernachrichten.de\/index.php?rest_route=\/wp\/v2\/posts\/112015\/revisions"}],"predecessor-version":[{"id":112017,"href":"https:\/\/www.fuldaernachrichten.de\/index.php?rest_route=\/wp\/v2\/posts\/112015\/revisions\/112017"}],"wp:attachment":[{"href":"https:\/\/www.fuldaernachrichten.de\/index.php?rest_route=%2Fwp%2Fv2%2Fmedia&parent=112015"}],"wp:term":[{"taxonomy":"category","embeddable":true,"href":"https:\/\/www.fuldaernachrichten.de\/index.php?rest_route=%2Fwp%2Fv2%2Fcategories&post=112015"},{"taxonomy":"post_tag","embeddable":true,"href":"https:\/\/www.fuldaernachrichten.de\/index.php?rest_route=%2Fwp%2Fv2%2Ftags&post=112015"}],"curies":[{"name":"wp","href":"https:\/\/api.w.org\/{rel}","templated":true}]}}