{"id":112012,"date":"2013-07-31T00:13:01","date_gmt":"2013-07-31T00:13:01","guid":{"rendered":"http:\/\/www.fuldaer-nachrichten.de\/?p=112012"},"modified":"2013-07-30T16:07:30","modified_gmt":"2013-07-30T16:07:30","slug":"circus-krone-gastspiel-in-fulda-22-28-august-2013","status":"publish","type":"post","link":"https:\/\/www.fuldaernachrichten.de\/?p=112012","title":{"rendered":"Circus Krone-Gastspiel in Fulda 22.-28.August 2013"},"content":{"rendered":"<p><img decoding=\"async\" class=\"alignleft size-thumbnail wp-image-112013\" alt=\"krone_logo1\" src=\"http:\/\/www.fuldaer-nachrichten.de\/wp-content\/uploads\/2013\/07\/krone_logo1-265x177.jpg\" width=\"265\" height=\"177\" srcset=\"https:\/\/www.fuldaernachrichten.de\/wp-content\/uploads\/2013\/07\/krone_logo1-265x177.jpg 265w, https:\/\/www.fuldaernachrichten.de\/wp-content\/uploads\/2013\/07\/krone_logo1.jpg 600w\" sizes=\"(max-width: 265px) 100vw, 265px\" \/>Fulda. Circus Krone kommt nach Fulda. Der Circus gastiert zum ersten Mal nach vier Jahren wieder auf der Messe Galerie. Von Donnerstag, den 22.August bis Mittwoch, den 28.August gibt das in M\u00fcnchen mit einem festen Circusbau beheimatete Unternehmen t\u00e4glich zwei Vorstellungen. Sie finden wochentags um 15.30 und 20.00 Uhr und am Sonntag um 14.00 und 18.00 Uhr statt.<!--more--><br \/>\nIn der gr\u00f6\u00dften rollenden Circusstadt Europas wird das Jubil\u00e4ums-Programm &#8220;Celebration&#8221; gezeigt, das am 7.April 2011 auf der M\u00fcnchner Theresienwiese Weltpremiere erlebte und begeistert gefeiert wurde: &#8220;Eine unverge\u00dfliche Reise um die Welt&#8221;. Krone verzeichnete in den letzten Jahren absolute Besucherrekorde. Allein in der letzten Sommersaison besuchten \u00fcber 1.1 Millionen Zuschauer das Grand Chapiteau.<\/p>\n<p>In einem Programm der Superlative gibt es eine echte Bungee-Sensation aus China zu sehen, eine Mischung aus Schwanensee und Mondlandung. Der &#8220;K\u00f6nig der L\u00f6wen&#8221;<br \/>\npr\u00e4sentiert seine 14 gef\u00e4hrlichen Sch\u00fctzlinge und den einzigartigen wei\u00dfen L\u00f6wen KING TONGA in einer spannungsgeladenen Dressurshow. Krones gigantische Elefantenherde, die traumhaft sch\u00f6nen Pferde-Freiheitsdressuren von Juniorchefin &#8220;Circusprinzessin&#8221; Jana Mandana, eine Klassische Hohe Schule im Tango-Rhythmus, eine Exoten-Parade im Safari-Stil und lustige Seel\u00f6wen sind au\u00dferdem im circensischen Teil des 180-Minuten-Programmes zu sehen. Nicht zu vergessen der m\u00e4chtige Nashornbulle TSAVO.<\/p>\n<p>Riskante Balancen auf dem Todesrad &#8211; dargeboten von Crazy Wilson, elegante Jonglagen \u00c3\u00a0 la Marlene Dietrich, haushohe Spr\u00fcnge von der Duplex-Schaukel, temperamentvolle Ikarische Spiele und ein Fliegendes Trapez der Sonderklasse sind akrobatische Highlights. F\u00fcr den n\u00f6tigen Spa\u00df zwischen all den Attraktionen sorgen die famosen Musical-Clowns<br \/>\nLes Rossyann, die mit &#8220;viel Humor auf vielen Instrumenten&#8221; durch das Programm begleiten.<\/p>\n<p>Der bekannte amerikanische Choreograph Gene Reed zeichnet f\u00fcr die Inszenierung verantwortlich. Die stimmungsvolle und farbenpr\u00e4chtige Lichtregie kreierte Celestino Munoz. 2005 war f\u00fcr Circus Krone ein Jahr der Jubil\u00e4en. Vor genau 100 Jahren entstand der Circus Krone aus einer reisenden Menagerie und vor 85 Jahren wurde der erste Krone-Bau in M\u00fcnchen er\u00f6ffnet.<\/p>\n<p>Zu Krones riesiger Zeltstadt geh\u00f6ren gegenw\u00e4rtig fast 400 Menschen, mehr als 200 Tiere, 330 Wohn-, Pack- und Ger\u00e4tewagen und ein Spielzeit f\u00fcr 4.000 Personen. Es gibt ein rollendes Circus-Restaurant, ein eigenes Stromaggregat mit 1.000 KW Leistung, eine Circus-Schule, eine Betriebsfeuerwehr, eine Mannschaftsk\u00fcche auf R\u00e4dern, B\u00fcros und Werkst\u00e4tten aller Art (Schreinerei, Schlosserei, Sattlerei, KFZ-Werkst\u00e4tte, Damen-und Herrenschneiderei). Au\u00dferdem besitzt der &#8220;Bayerische Nationalcircus&#8221; die einzige mobile Behinderten-Toilette der Welt.<\/p>\n<p>Den Vorverkauf f\u00fcr Fulda haben alle CTS Eventim Vorverkaufsstellen \u00fcbernommen. Die Circuskassen auf dem Festplatz werden ab Mittwoch, den 21.August ge\u00f6ffnet sein (Tel. 01805 \/ 247 287, 14 ct\/min aus dem Festnetz der Telekom, Mobilfunkpreise abweichend). Tel.Kartenreservierungen sind ab sofort auch unter der bundeseinheitlichen Kassen-Hotline (s.o.) m\u00f6glich. Die Kartenpreise betragen Euro 15.- bis 40.-.<\/p>\n","protected":false},"excerpt":{"rendered":"<div class=\"tmnf_excerpt\"><p>Fulda. Circus Krone kommt nach Fulda. Der Circus gastiert zum ersten Mal nach vier Jahren wieder auf der Messe Galerie. Von Donnerstag, den 22.August bis Mittwoch, den 28.August gibt das in M\u00fcnchen mit einem festen Circusbau beheimatete Unternehmen t\u00e4glich zwei Vorstellungen. Sie finden wochentags um 15.30 und 20.00 Uhr und am Sonntag um 14.00 und &hellip;<\/p>\n<\/div>","protected":false},"author":1,"featured_media":0,"comment_status":"closed","ping_status":"closed","sticky":false,"template":"","format":"standard","meta":{"footnotes":""},"categories":[1,44],"tags":[],"class_list":["post-112012","post","type-post","status-publish","format-standard","hentry","category-startseite","category-kultur"],"_links":{"self":[{"href":"https:\/\/www.fuldaernachrichten.de\/index.php?rest_route=\/wp\/v2\/posts\/112012","targetHints":{"allow":["GET"]}}],"collection":[{"href":"https:\/\/www.fuldaernachrichten.de\/index.php?rest_route=\/wp\/v2\/posts"}],"about":[{"href":"https:\/\/www.fuldaernachrichten.de\/index.php?rest_route=\/wp\/v2\/types\/post"}],"author":[{"embeddable":true,"href":"https:\/\/www.fuldaernachrichten.de\/index.php?rest_route=\/wp\/v2\/users\/1"}],"replies":[{"embeddable":true,"href":"https:\/\/www.fuldaernachrichten.de\/index.php?rest_route=%2Fwp%2Fv2%2Fcomments&post=112012"}],"version-history":[{"count":1,"href":"https:\/\/www.fuldaernachrichten.de\/index.php?rest_route=\/wp\/v2\/posts\/112012\/revisions"}],"predecessor-version":[{"id":112014,"href":"https:\/\/www.fuldaernachrichten.de\/index.php?rest_route=\/wp\/v2\/posts\/112012\/revisions\/112014"}],"wp:attachment":[{"href":"https:\/\/www.fuldaernachrichten.de\/index.php?rest_route=%2Fwp%2Fv2%2Fmedia&parent=112012"}],"wp:term":[{"taxonomy":"category","embeddable":true,"href":"https:\/\/www.fuldaernachrichten.de\/index.php?rest_route=%2Fwp%2Fv2%2Fcategories&post=112012"},{"taxonomy":"post_tag","embeddable":true,"href":"https:\/\/www.fuldaernachrichten.de\/index.php?rest_route=%2Fwp%2Fv2%2Ftags&post=112012"}],"curies":[{"name":"wp","href":"https:\/\/api.w.org\/{rel}","templated":true}]}}