{"id":112010,"date":"2013-07-31T00:10:56","date_gmt":"2013-07-31T00:10:56","guid":{"rendered":"http:\/\/www.fuldaer-nachrichten.de\/?p=112010"},"modified":"2013-07-30T16:02:30","modified_gmt":"2013-07-30T16:02:30","slug":"faw-bietet-kurse-zu-iphone-und-ipad-an","status":"publish","type":"post","link":"https:\/\/www.fuldaernachrichten.de\/?p=112010","title":{"rendered":"FAW bietet Kurse zu iPhone und iPad an"},"content":{"rendered":"<p>Fulda. iPhone und iPad bieten eine F\u00fclle an Funktionen. Das ganze Potential der Ger\u00e4te bleibt oft ungenutzt. Und mancher f\u00fchlt sich angesichts der Vielfalt an M\u00f6glichkeiten oder komplizierter Anleitungen \u00fcberfordert. Deshalb bietet die Fortbildungsakademie der Wirtschaft (FAW) in Fulda jetzt einen speziellen Kurs an. Ab dem 27. August k\u00f6nnen Besitzer von iPhones oder iPads in Ruhe und mit fachkundiger Begleitung Aufbau, Funktionsweise und Einsatzgebiete ihres Ger\u00e4tes erkunden.<!--more--><\/p>\n<p>\u201eWir helfen nicht nur dabei, einen \u00dcberblick \u00fcber die Funktionen zu bekommen, sondern auch, sie individuell an die pers\u00f6nlichen Bed\u00fcrfnisse anzupassen\u201c, so Kursleiter Madita Lammers. Der 13-st\u00fcndige Lehrgang wird zeigen, dass man mit iPhone und iPad nicht nur telefonieren, SMS und E-Mails verschicken oder im Internet surfen, sondern z.B. auch bequem B\u00fccher lesen oder selbstgedrehte Videos im Internet pr\u00e4sentieren kann. User k\u00f6nnen ihr Ger\u00e4t auch als Navigationsger\u00e4t oder pers\u00f6nlichen Hotspot einrichten.<\/p>\n<p>\u201eAlle M\u00f6glichkeiten seines iPhones oder iPads selbst zu erkunden, dauert oft lange\u201c, so Kursleiter Madita Lammers, \u201eund oft geben sich die Besitzer mit ihren anfangs genutzten Tools zufrieden\u201c. Der Kurs der FAW bietet die Chance, in Ruhe und mit einem Experten an der Seite in das Thema einzusteigen oder sein Wissen zu vertiefen.<\/p>\n<p>Damit jeder auch das Optimum aus dem Kurs mitnehmen kann, bleibt die Zahl der Teilnehmer begrenzt. Weshalb Madita Lammers aber auch eine schnelle Anmeldung empfiehlt. Jeder Teilnehmer bekommt ein eigenes Skript \u2013 und das W-LAN ist nat\u00fcrlich kostenlos.<\/p>\n<p>N\u00e4here Informationen zu diesem Angebot erhalten sie unter<br \/>\n<a href=\"http:\/\/www.faw-fulda.de\/\">www.faw-fulda.de<\/a> und unter der Telefonnummer: 0661 679309-0.<\/p>\n","protected":false},"excerpt":{"rendered":"<div class=\"tmnf_excerpt\"><p>Fulda. iPhone und iPad bieten eine F\u00fclle an Funktionen. Das ganze Potential der Ger\u00e4te bleibt oft ungenutzt. Und mancher f\u00fchlt sich angesichts der Vielfalt an M\u00f6glichkeiten oder komplizierter Anleitungen \u00fcberfordert. Deshalb bietet die Fortbildungsakademie der Wirtschaft (FAW) in Fulda jetzt einen speziellen Kurs an. Ab dem 27. August k\u00f6nnen Besitzer von iPhones oder iPads in &hellip;<\/p>\n<\/div>","protected":false},"author":1,"featured_media":0,"comment_status":"closed","ping_status":"closed","sticky":false,"template":"","format":"standard","meta":{"footnotes":""},"categories":[1,53],"tags":[],"class_list":["post-112010","post","type-post","status-publish","format-standard","hentry","category-startseite","category-bildung"],"_links":{"self":[{"href":"https:\/\/www.fuldaernachrichten.de\/index.php?rest_route=\/wp\/v2\/posts\/112010","targetHints":{"allow":["GET"]}}],"collection":[{"href":"https:\/\/www.fuldaernachrichten.de\/index.php?rest_route=\/wp\/v2\/posts"}],"about":[{"href":"https:\/\/www.fuldaernachrichten.de\/index.php?rest_route=\/wp\/v2\/types\/post"}],"author":[{"embeddable":true,"href":"https:\/\/www.fuldaernachrichten.de\/index.php?rest_route=\/wp\/v2\/users\/1"}],"replies":[{"embeddable":true,"href":"https:\/\/www.fuldaernachrichten.de\/index.php?rest_route=%2Fwp%2Fv2%2Fcomments&post=112010"}],"version-history":[{"count":1,"href":"https:\/\/www.fuldaernachrichten.de\/index.php?rest_route=\/wp\/v2\/posts\/112010\/revisions"}],"predecessor-version":[{"id":112011,"href":"https:\/\/www.fuldaernachrichten.de\/index.php?rest_route=\/wp\/v2\/posts\/112010\/revisions\/112011"}],"wp:attachment":[{"href":"https:\/\/www.fuldaernachrichten.de\/index.php?rest_route=%2Fwp%2Fv2%2Fmedia&parent=112010"}],"wp:term":[{"taxonomy":"category","embeddable":true,"href":"https:\/\/www.fuldaernachrichten.de\/index.php?rest_route=%2Fwp%2Fv2%2Fcategories&post=112010"},{"taxonomy":"post_tag","embeddable":true,"href":"https:\/\/www.fuldaernachrichten.de\/index.php?rest_route=%2Fwp%2Fv2%2Ftags&post=112010"}],"curies":[{"name":"wp","href":"https:\/\/api.w.org\/{rel}","templated":true}]}}