{"id":112002,"date":"2013-07-30T07:29:29","date_gmt":"2013-07-30T07:29:29","guid":{"rendered":"http:\/\/www.fuldaer-nachrichten.de\/?p=112002"},"modified":"2013-07-30T08:31:12","modified_gmt":"2013-07-30T08:31:12","slug":"erste-vollausbildung-mediation-in-osthessen-im-bonifatiushaus-fulda-eine-berufsbegleitende-weiterbildung","status":"publish","type":"post","link":"https:\/\/www.fuldaernachrichten.de\/?p=112002","title":{"rendered":"Erste Vollausbildung Mediation in Osthessen im Bonifatiushaus Fulda &#8211; eine berufsbegleitende Weiterbildung!"},"content":{"rendered":"<p>Fulda. F\u00fcr die Stadt Fulda d\u00fcrfte das erstmalig sein: Eine vollst\u00e4ndige berufsbegleitende Ausbildung in Mediation. Das Bonifatiushaus &#8211; Haus der Weiterbildung des Bistums Fulda &#8211; bietet in Kooperation mit einem lizensiertem Trainer des Bundesverbandes Mediation mit der\u00c2\u00a0 berufsbegleitenden Weiterbildung zur\/zum Mediator\/in die Basis f\u00fcr eine Anerkennung als Mediator\/Mediatorin, die fit macht f\u00fcr das professionelle Konfliktmanagement. Der Trainer Herr Weitzel betont: \u201eMediation ist ein guter, konstruktiver Ansatz, um f\u00fcr alle Konfliktparteien eine wirklich befriedigende L\u00f6sung zu finden \u2013 Mediatoren\/innen werden gebraucht, um das gegenseitige Verst\u00e4ndnis f\u00fcr einander wieder zu f\u00f6rdern, in der aktuellen wirtschaftlichen Lage mehr denn je.\u201c<!--more--><\/p>\n<p>Der Direktor des Bonifatiushauses Geiger lobt: \u201eDie Ausbildungsinhalte sind anspruchsvoll und reichen von Grundlagen und Prinzipien der Mediation \u00fcber psychologisches Basiswissen, Kommunikationstheorie und -methoden, Kriesenintervention, Aufbau von Konfliktl\u00f6sungsstrategien bis zum Erlernen von Moderationsmethoden und der Gewaltfreien Kommunikation. Hierbei spielt die Entwicklung und Reifung der pers\u00f6nlichen Konflikt- und Vermittlungskompetenz neben der Vermittlung von Fachwissen und Handwerkszeug eine gleich gro\u00dfe Rolle.\u201c<\/p>\n<p>Die Arbeitsm\u00f6glichkeiten als Mediator\/Mediatorin ergeben sich in vielf\u00e4ltigen Anwendungsfeldern von der unternehmensinternen Mediation (Mediation in der Arbeitswelt), der Vermittlung zwischen Firmen und Gesch\u00e4ftspartner (Wirtschaftsmediation), der Mediation im Arbeitsfeld von sozialen, \u00f6ffentlichen und kirchlichen Einrichtungen (der Familien- und Paarmediation) bis hin zur Vermittlung in der Nachbarschaft und im Quartier und zwischen Mietern und Vermietern (Gemeinwesenmediation).\u00c2\u00a0 Betriebs- und Personalr\u00e4te berichten: \u201eUnternehmen k\u00f6nnen sich schlicht weg kein konfliktreiches Betriebsklima leisten, da der \u201eVerschlei\u00df\u201c von Arbeitszeit, Mitarbeitergesundheit, Teamf\u00e4higkeit, blockierte Kreativit\u00e4t und Verlust\u00c2\u00a0 von Produktivit\u00e4t bis hin zum Abgang von erfahrenen und kompetenten Mitarbeitern\/innen viel zu Kostentr\u00e4chtig ist .<\/p>\n<p>Wer Mediator\/Mediatorin werden will kann einen Schnupperkurs vom Donnerstag, 19.09. bis Sonntag, 22.09.2013 buchen. F\u00fcr offene Fragen steht der Referent am Donnerstag, 22.08.2013 um 19.00 Uhr zur Verf\u00fcgung. Die Teilnahme am Infoabend ist kostenlos und unverbindlich.<\/p>\n<p>N\u00e4here Informationen gibt es auch auf der Homepage des Bonifatiushauses unter www.bonifatiushaus.de oder telefonisch unter 0661 \/ 8398-120.<\/p>\n","protected":false},"excerpt":{"rendered":"<div class=\"tmnf_excerpt\"><p>Fulda. F\u00fcr die Stadt Fulda d\u00fcrfte das erstmalig sein: Eine vollst\u00e4ndige berufsbegleitende Ausbildung in Mediation. Das Bonifatiushaus &#8211; Haus der Weiterbildung des Bistums Fulda &#8211; bietet in Kooperation mit einem lizensiertem Trainer des Bundesverbandes Mediation mit der\u00c2\u00a0 berufsbegleitenden Weiterbildung zur\/zum Mediator\/in die Basis f\u00fcr eine Anerkennung als Mediator\/Mediatorin, die fit macht f\u00fcr das professionelle Konfliktmanagement. &hellip;<\/p>\n<\/div>","protected":false},"author":1,"featured_media":0,"comment_status":"closed","ping_status":"closed","sticky":false,"template":"","format":"standard","meta":{"footnotes":""},"categories":[1,53],"tags":[],"class_list":["post-112002","post","type-post","status-publish","format-standard","hentry","category-startseite","category-bildung"],"_links":{"self":[{"href":"https:\/\/www.fuldaernachrichten.de\/index.php?rest_route=\/wp\/v2\/posts\/112002","targetHints":{"allow":["GET"]}}],"collection":[{"href":"https:\/\/www.fuldaernachrichten.de\/index.php?rest_route=\/wp\/v2\/posts"}],"about":[{"href":"https:\/\/www.fuldaernachrichten.de\/index.php?rest_route=\/wp\/v2\/types\/post"}],"author":[{"embeddable":true,"href":"https:\/\/www.fuldaernachrichten.de\/index.php?rest_route=\/wp\/v2\/users\/1"}],"replies":[{"embeddable":true,"href":"https:\/\/www.fuldaernachrichten.de\/index.php?rest_route=%2Fwp%2Fv2%2Fcomments&post=112002"}],"version-history":[{"count":1,"href":"https:\/\/www.fuldaernachrichten.de\/index.php?rest_route=\/wp\/v2\/posts\/112002\/revisions"}],"predecessor-version":[{"id":112003,"href":"https:\/\/www.fuldaernachrichten.de\/index.php?rest_route=\/wp\/v2\/posts\/112002\/revisions\/112003"}],"wp:attachment":[{"href":"https:\/\/www.fuldaernachrichten.de\/index.php?rest_route=%2Fwp%2Fv2%2Fmedia&parent=112002"}],"wp:term":[{"taxonomy":"category","embeddable":true,"href":"https:\/\/www.fuldaernachrichten.de\/index.php?rest_route=%2Fwp%2Fv2%2Fcategories&post=112002"},{"taxonomy":"post_tag","embeddable":true,"href":"https:\/\/www.fuldaernachrichten.de\/index.php?rest_route=%2Fwp%2Fv2%2Ftags&post=112002"}],"curies":[{"name":"wp","href":"https:\/\/api.w.org\/{rel}","templated":true}]}}