{"id":111999,"date":"2013-07-30T08:29:11","date_gmt":"2013-07-30T08:29:11","guid":{"rendered":"http:\/\/www.fuldaer-nachrichten.de\/?p=111999"},"modified":"2013-07-30T08:32:57","modified_gmt":"2013-07-30T08:32:57","slug":"adac-rallye-deutschland-201-noch-mehr-action-durch-neue-prufungen-und-neue-streckenabschnitte","status":"publish","type":"post","link":"https:\/\/www.fuldaernachrichten.de\/?p=111999","title":{"rendered":"ADAC Rallye Deutschland 2013: Noch mehr Action durch neue Pr\u00fcfungen und neue Streckenabschnitte"},"content":{"rendered":"<div id=\"attachment_112000\" style=\"width: 570px\" class=\"wp-caption alignnone\"><img fetchpriority=\"high\" decoding=\"async\" aria-describedby=\"caption-attachment-112000\" class=\"size-full wp-image-112000\" alt=\"Foto: ADAC Rallye Deutschland\" src=\"http:\/\/www.fuldaer-nachrichten.de\/wp-content\/uploads\/2013\/07\/ADAC+Rallye+Deutschland+2013+-+Zuschauerkarte.jpg\" width=\"560\" height=\"304\" \/><p id=\"caption-attachment-112000\" class=\"wp-caption-text\">Foto: ADAC Rallye Deutschland<\/p><\/div>\n<p>M\u00fcnchen\/Trier. 371,92 Kilometer pure Herausforderung, zu dieser Zahl summieren sich die Wertungspr\u00fcfungen, die vor den Teilnehmern der ADAC Rallye Deutschland liegen. Die erwarteten 200.000 Zuschauer des deutschen WM-Laufs d\u00fcrfen sich 2013 auf eine ganz besondere Premiere freuen: Erstmals starten die WRC-Stars wie S\u00e9bastien Ogier, Mikko Hirvonen oder der deutsche Sepp Wiegand am K\u00f6lner Dom. Danach zieht die Rallye weiter in den Gro\u00dfraum Trier, wo den Driftk\u00fcnstlern alles abverlangt wird. Neue Wertungspr\u00fcfungen und spannende Streckenabschnitte gesellen sich zu legend\u00e4ren Klassikern der ADAC Rallye Deutschland. Den traditionellen Schlusspunkt markiert die Siegerehrung vor der historischen Kulisse der Porta Nigra in Trier.<!--more--><\/p>\n<p>&#8220;Dass die ADAC Rallye Deutschland 2013 erstmals in K\u00f6ln startet, ist eine gro\u00dfartige Weiterentwicklung der Rallye, die wir seit \u00fcber zehn Jahren erfolgreich ausrichten. Wir bringen die Rallye-Stars und ihre Hightech-Boliden mitten in die Gro\u00dfstadt, um noch mehr Menschen f\u00fcr die Faszination des Rallye-Sports zu begeistern. Sportlich steht der Gro\u00dfraum Trier aber nach wie vor im Zentrum der ADAC Rallye Deutschland. Mit dem Start am K\u00f6lner Dom und der Siegerehrung an der Porta Nigra von Trier schlie\u00dft sich ein Kreis&#8221;, so ADAC Sportpr\u00e4sident Hermann Tomczyk.<\/p>\n<p>Im Internet steht im Bereich &#8220;Zuschauer&#8221; unter www.adac-rallye-deutschland.de ab sofort die Zuschauerkarte mit allen Wertungspr\u00fcfungen der ADAC Rallye Deutschland 2013 zum Download bereit.<\/p>\n<p><strong>Die einzelnen Stationen\/Wertungspr\u00fcfungen im \u00dcberblick:<\/strong><\/p>\n<p><strong>Shakedown Konz (Mittwoch, 21. August 2013, 12:00 Uhr, L\u00e4nge 4,55 km)<\/strong><br \/>\nDer Shakedown, das &#8220;Warm-up&#8221; der Rallye-Piloten, ist eine gute Gelegenheit, die Fahrzeuge den ganzen Tag \u00fcber an verschiedenen Stellen zu sehen. Tipp: In der Arena Kommlingen f\u00fchrt die Strecke an beiden Seiten eines besonders gut einsehbaren Taleinschnittes entlang.<\/p>\n<p><strong>Fahrerpr\u00e4sentation K\u00f6ln, K\u00f6lner Dom &#8211; Roncalli-Platz (Donnerstag, 22. August 2013, 16:00 Uhr)<\/strong><br \/>\nErstmals beginnt die ADAC Rallye Deutschland in der Innenstadt von K\u00f6ln. Nach dem Treffen der Teams am Butzweilerhof findet die Fahrerpr\u00e4sentation auf dem Roncalli-Platz direkt am K\u00f6lner Dom statt. Die Zuschauer d\u00fcrfen sich auf die Stars der Rallye-WM und ihre beeindruckenden Fahrzeuge freuen. Rallye-Feeling aus n\u00e4chster N\u00e4he &#8211; nat\u00fcrlich bei freiem Eintritt! Im Anschluss fahren die Piloten durch die City zum Harry-Blum-Platz am Rhein. Von dort aus machen sie sich ab 16.15 Uhr auf vorgegebener Route auf den Weg zur ersten Wertungspr\u00fcfung.<\/p>\n<p><strong>WP 1 Blankenheim (Donnerstag, 22. August 2013, 17:53 Uhr, L\u00e4nge 23,54 km)<\/strong><br \/>\nEine Autostunde s\u00fcdwestlich von K\u00f6ln erwartet die Rallye-Piloten die erste Herausforderung: Die komplett neue Wertungspr\u00fcfung Blankenheim f\u00fchrt vom Start bei Rohr \u00fcber Reetz, Freilingen, Vellerhof, H\u00fcngersdorf an Dollendorf vorbei zum WP-Ziel. Ein sehr anspruchsvoller Auftakt mit engen, langsamen, aber auch schnellen Kurven sowie st\u00e4ndigen auf- und abw\u00e4rts f\u00fchrenden Passagen. Hier gilt es f\u00fcr die Teams von Anfang an, hellwach zu sein. Vom Zuschauerpunkt H\u00fcngersdorf haben Fans die Fahrzeuge besonders lange im Blick.<br \/>\n<strong>\u00c2\u00a0<\/strong><br \/>\n<strong>WP 2 Sauertal (Donnerstag, 22. August 2013, 19:58 Uhr, L\u00e4nge 14,10 km)<\/strong><br \/>\nAm gleichen Abend steht noch eine weitere neue Wertungspr\u00fcfung bei der ADAC Rallye Deutschland auf dem Programm: Die erstmals ausgetragene WP Sauertal bietet den Fans entlang der Strecke ein neues Highlight. Die Pr\u00fcfung f\u00fchrt die Teilnehmer \u00fcber anspruchsvolle Asphaltwege durch die h\u00fcgelige Eifellandschaft bis fast an die Grenze zu Luxemburg. Gute Sicht auf das Geschehen genie\u00dft man vom Zuschauerpunkt bei Trierweiler.<\/p>\n<p><strong>WP 3 &amp; 6 Mittelmosel (Freitag, 23. August 2013, 10:43 Uhr und 16:12 Uhr, L\u00e4nge 22,95 km)<\/strong><br \/>\nAm Freitag geht es in die Weinberge. Die Pr\u00fcfung inmitten der Rebenh\u00e4nge ist ein Highlight mit zahlreichen Aussichtpunkten: Wie in einem Amphitheater steht man beispielsweise im Bereich der Weierbach Kehre. Im Abschnitt Heidenkopf k\u00f6nnen gleich mehrere Kurven eingesehen werden. Der Schlussabschnitt der Wertungspr\u00fcfung hat 2013 eine neue Streckenf\u00fchrung.<\/p>\n<p><strong>WP 4 &amp; 7 Moselland (Freitag, 23. August 2013, 11:31 Uhr und 17:00 Uhr, L\u00e4nge 22,79 km)<\/strong><br \/>\nDie komplette Pr\u00fcfung findet auf schmalen Winzerg\u00e4sschen statt. Mit kniffligen Kurven f\u00fcr die Fahrer &#8211; besonders bei N\u00e4sse. Optischer Glanzpunkt ist die Panorama-Stra\u00dfe \u00fcber der Mosel. Von den zahlreichen Zuschauerpl\u00e4tze hat man die Fahrzeuge sehr lange im Blick. Dichte Vorbeifahrten garantieren ein intensives Rallye-Erlebnis.<\/p>\n<p><strong>WP 5 &amp; 8 Grafschaft (Freitag, 23. August 2013, 12:24 Uhr und 17:53 Uhr, L\u00e4nge 19,94 km)<\/strong><br \/>\nWo sich Mosel und Hunsr\u00fcck die Hand reichen, jagen bei dieser Wertungspr\u00fcfung die weltbesten Rallye-Stars durch die zahlreichen Spitzkehren. Umrahmt werden die Haarnadel-Man\u00f6ver von beeindruckenden Natur-Trib\u00fcnen wie der Arena Veldenz: Ein gro\u00dfer Wiesenhang, von dem man beste Sicht auf das Geschehen genie\u00dft.<\/p>\n<p><strong>WP 9 &amp; 12 Stein &amp; Wein (Samstag, 24. August 2013, 08:03 Uhr und 14:25 Uhr, L\u00e4nge 26,54 km)<\/strong><br \/>\nAuf dieser anspruchsvollen Wertungspr\u00fcfung steht den Fahrern ein weiterer steiniger Aufstieg in die Weinberge bevor. Die meisten Abschnitte haben weitl\u00e4ufige Bereiche mit Zuschauerpl\u00e4tzen auf H\u00e4ngen und Mauern. Tipp: Die beste Sicht gibt es am Zuschauerpunkt Z6 &#8220;Waldrach Sportplatz&#8221;.<\/p>\n<p><strong>WP 10 &amp; 13 Peterberg (Samstag, 24. August 2013, 09:06 Uhr und 15:28 Uhr, L\u00e4nge 9,23 km)<\/strong><br \/>\nIm vergangenen Jahr erstmals im Programm, bildet diese kurze aber intensive Wertungspr\u00fcfung auch 2013 einen H\u00f6hepunkt. Diesmal wird jedoch in die andere Richtung gefahren als noch 2012: Die WP f\u00fchrt die Teilnehmer durch die H\u00f6hen und Tiefen des n\u00f6rdlichen Saarlands. Im Streckenabschnitt Eiweiler geht es extrem steil bergauf und es sind gleich mehrere 90\u00c2\u00b0-Kurven zu bezwingen. Den dortigen Zuschauerpunkt &#8220;Eiweiler&#8221; sollte sich kein Fan entgehen lassen.<br \/>\n<strong>\u00c2\u00a0<\/strong><br \/>\n<strong>WP 11 &amp; 14 Arena Panzerplatte (Samstag, 24. August 2013, 10:29 Uhr und 16:51 Uhr, L\u00e4nge 41,08 km)<\/strong><br \/>\nSie ist und bleibt die K\u00f6nigspr\u00fcfung der ADAC Rallye Deutschland. Nicht nur wegen ihrer L\u00e4nge, sondern weil sie Mensch und Material vor extreme Herausforderungen stellt. Die WP auf dem Truppen\u00fcbungsplatz Baumholder hat eine einzigartige Charakteristik. Die Fahrer f\u00fcrchten die eng am Stra\u00dfenrand stehenden Hinkelsteine und die Fans lieben die Zuschauerpunkte wegen der tollen \u00dcbersicht und der gro\u00dfartigen Fotopunkte wie z.B. bei der legend\u00e4ren Sprungkuppe &#8220;Gina&#8221;.<\/p>\n<p><strong>WP 15 &amp; 16 Dhrontal (Sonntag, 25. August 2013, 09:18 Uhr und 11:36 Uhr, L\u00e4nge 24,58 km)<\/strong><br \/>\nEin Muss f\u00fcr jeden Besucher dieser Wertungspr\u00fcfung ist der Abschnitt Galeria Dhron. Hier lassen sich die Rallye-Boliden von oben herab beim Spurt durch die Weinberge verfolgen. Mit einem Feuerwerk an Spitzkehren, in denen die Piloten ihre Boliden mit Handbremswenden ums Eck zirkeln. Eine der besten Aussichten in der Rallye-Weltmeisterschaft. Der zweite Durchgang der WP Dhrontal wird in diesem Jahr als Power Stage gefahren, in der es extra Punkte in der WM-Wertung gibt.<br \/>\n<strong>\u00c2\u00a0<\/strong><br \/>\n<strong>Siegerehrung Porta Nigra, Trier (Sonntag, 25. August 2013, 14:00 Uhr)<\/strong><br \/>\nDie historische Porta Nigra in Trier bildet auch 2013 wieder die einzigartige Kulisse f\u00fcr die offizielle Siegerehrung der ADAC Rallye Deutschland. Hier k\u00f6nnen die Fans noch einmal die Rallye-Helden des deutschen WM-Laufs feiern.<br \/>\n<strong>\u00c2\u00a0<\/strong><br \/>\n<strong>Rallye hautnah im Servicepark Trier<\/strong><br \/>\nEin Besuch des Messeparks lohnt sich an allen Veranstaltungstagen. Das Gel\u00e4nde s\u00fcdwestlich vom Stadtzentrum Trier ist Dreh- und Angelpunkt w\u00e4hrend der gesamten Rallye: Morgens 15-Minuten-Service, mittags 30-Minuten-Service und abends der 45 Minuten Flexi-Service &#8211; nirgendwo sonst kann man Fahrern und Teams so gut bei der Arbeit \u00fcber die Schultern schauen oder Autogramme sammeln. Der Servicepark ist dar\u00fcber hinaus beliebte Anlaufstelle mit Fan-Shops, Info-Punkt, Essen und Trinken, Sanit\u00e4ranlagen, Arzt und zahlreichen weiteren Einrichtungen.<\/p>\n<p>Die Ankunftszeiten der ersten Fahrzeuge im Servicepark Trier:<br \/>\nMittwoch, 21. August 2013, durchgehend offen, keine festen Servicezeiten<br \/>\nDonnerstag, 22. August 2013, 20:38 Uhr<br \/>\nFreitag, 23. August 2013, 09:40 Uhr, 13:54 Uhr und 19:23 Uhr<br \/>\nSamstag, 24. August 2013, 7:10 Uhr, 13:14 Uhr und 19:06 Uhr<br \/>\nSonntag, 25. August 2013, 8:10 Uhr und 12:46 Uhr<\/p>\n<p><strong>Das offizielle Magazin der ADAC Rallye Deutschland 2013:<\/strong><\/p>\n<p>Hundert actiongeladene Seiten rund um den deutschen Weltmeisterschaftslauf &#8211; das hat nur das offizielle Magazin der ADAC Rallye Deutschland zu bieten. Wer es hat, wei\u00df Bescheid! \u00dcber Fahrer, Teams, Strecken, Zuschauer Hot Spots und das Reglement der Rallye-Weltmeisterschaft (WRC). Detaillierte Karten, spannende Hintergrundreportagen, exklusive Interviews und viele spannende Rallye-Themen komplettieren den unverzichtbaren Begleiter f\u00fcr Fans vor Ort und zu Hause. Das offizielle Magazin der ADAC Rallye Deutschland ist ab sofort f\u00fcr 5,- Euro im gut sortierten Zeitschriftenhandel oder unter www.adac.de\/motorsport, www.adac-rallye-deutschland.de und www.adrenalin-verlag.com erh\u00e4ltlich.<br \/>\n<strong>\u00c2\u00a0<\/strong><br \/>\n<strong>Tickets f\u00fcr die ADAC Rallye Deutschland:<\/strong><\/p>\n<p>Die deutsche &#8220;Flatrate&#8221; f\u00fcr Rallye-Fans: F\u00fcnf Tage Rallye-Feeling pur, inklusive Zugang zu allen Zuschauer-Bereichen beim Shakedown und allen Wertungspr\u00fcfungen. Ebenso erh\u00e4lt man Zutritt zum Servicepark, wo die Fans den Mechanikern hautnah bei Ihrer Arbeit \u00fcber die Schulter schauen k\u00f6nnen und die Rallye-Stars treffen. Zus\u00e4tzlich beinhaltet das Ticket eine Spectator-Map mit den wichtigsten Informationen und den besten Pl\u00e4tzen, ein Ticketband und ein ADAC Rallye Deutschland Aufkleber. Das Ticket ist f\u00fcr EUR 69,- (f\u00fcr ADAC Mitglieder EUR 64,-) exkl. Versandkosten im Ticket-Shop unter www.adac-rallye-deutschland.de erh\u00e4ltlich. Die Tickethotline lautet: 0261-13 03 66. Karten f\u00fcr einzelne Wertungspr\u00fcfungen gibt es bereits ab EUR 15,-.<\/p>\n","protected":false},"excerpt":{"rendered":"<div class=\"tmnf_excerpt\"><p>M\u00fcnchen\/Trier. 371,92 Kilometer pure Herausforderung, zu dieser Zahl summieren sich die Wertungspr\u00fcfungen, die vor den Teilnehmern der ADAC Rallye Deutschland liegen. Die erwarteten 200.000 Zuschauer des deutschen WM-Laufs d\u00fcrfen sich 2013 auf eine ganz besondere Premiere freuen: Erstmals starten die WRC-Stars wie S\u00e9bastien Ogier, Mikko Hirvonen oder der deutsche Sepp Wiegand am K\u00f6lner Dom. Danach &hellip;<\/p>\n<\/div>","protected":false},"author":1,"featured_media":0,"comment_status":"closed","ping_status":"closed","sticky":false,"template":"","format":"standard","meta":{"footnotes":""},"categories":[1,35],"tags":[],"class_list":["post-111999","post","type-post","status-publish","format-standard","hentry","category-startseite","category-auto"],"_links":{"self":[{"href":"https:\/\/www.fuldaernachrichten.de\/index.php?rest_route=\/wp\/v2\/posts\/111999","targetHints":{"allow":["GET"]}}],"collection":[{"href":"https:\/\/www.fuldaernachrichten.de\/index.php?rest_route=\/wp\/v2\/posts"}],"about":[{"href":"https:\/\/www.fuldaernachrichten.de\/index.php?rest_route=\/wp\/v2\/types\/post"}],"author":[{"embeddable":true,"href":"https:\/\/www.fuldaernachrichten.de\/index.php?rest_route=\/wp\/v2\/users\/1"}],"replies":[{"embeddable":true,"href":"https:\/\/www.fuldaernachrichten.de\/index.php?rest_route=%2Fwp%2Fv2%2Fcomments&post=111999"}],"version-history":[{"count":2,"href":"https:\/\/www.fuldaernachrichten.de\/index.php?rest_route=\/wp\/v2\/posts\/111999\/revisions"}],"predecessor-version":[{"id":112006,"href":"https:\/\/www.fuldaernachrichten.de\/index.php?rest_route=\/wp\/v2\/posts\/111999\/revisions\/112006"}],"wp:attachment":[{"href":"https:\/\/www.fuldaernachrichten.de\/index.php?rest_route=%2Fwp%2Fv2%2Fmedia&parent=111999"}],"wp:term":[{"taxonomy":"category","embeddable":true,"href":"https:\/\/www.fuldaernachrichten.de\/index.php?rest_route=%2Fwp%2Fv2%2Fcategories&post=111999"},{"taxonomy":"post_tag","embeddable":true,"href":"https:\/\/www.fuldaernachrichten.de\/index.php?rest_route=%2Fwp%2Fv2%2Ftags&post=111999"}],"curies":[{"name":"wp","href":"https:\/\/api.w.org\/{rel}","templated":true}]}}