{"id":111995,"date":"2013-07-30T08:22:58","date_gmt":"2013-07-30T08:22:58","guid":{"rendered":"http:\/\/www.fuldaer-nachrichten.de\/?p=111995"},"modified":"2013-07-30T08:22:58","modified_gmt":"2013-07-30T08:22:58","slug":"hochschul-landes-und-stadtbibliothek-ausstellung-zu-nelson-mandela","status":"publish","type":"post","link":"https:\/\/www.fuldaernachrichten.de\/?p=111995","title":{"rendered":"Hochschul-, Landes- und Stadtbibliothek: Ausstellung zu Nelson Mandela"},"content":{"rendered":"<p>Fulda. Zur W\u00fcrdigung des Lebens von Nelson Mandela pr\u00e4sentiert die Hochschul-, Landes- und Stadtbibliothek (HLSB) noch bis zum 4. Oktober Werke\u00c2\u00a0 zu seinem Leben und Wirken sowie zur damit verbundenen Geschichte S\u00fcdafrikas.<!--more--><\/p>\n<p>Nelson Mandela wurde am 18. Juli 1918 im Distrikt Transkei in S\u00fcdafrika geboren. Er schloss sich 1944 dem African National Congress\u00c2\u00a0 (ANC) an und engagierte sich viele Jahre lang im Widerstand gegen die Apartheidpolitik der herrschenden National\u00c2\u00a0 Party bis er im August 1962 verhaftet wurde. Mandela war mehr als 27 Jahre lang in Haft. W\u00e4hrend\u00c2\u00a0 dieser Zeit wurde er f\u00fcr die Anti-Apartheid-Bewegung zu einem immer m\u00e4chtigeren Symbol des Widerstandes. Mandela wurde 1990 aus dem Gef\u00e4ngnis entlassen, erhielt 1993 den Friedensnobelpreis und wurde 1994 in den ersten demokratischen Wahlen S\u00fcdafrikas zum Pr\u00e4sidenten gew\u00e4hlt.<\/p>\n<p>Die Ausstellung finden Interessierte zu den regul\u00e4ren \u00d6ffnungszeiten der HLSB am Standort Heinrich-von-Bibra-Platz 12 in der Galerie vor dem Lesesaal.<\/p>\n","protected":false},"excerpt":{"rendered":"<div class=\"tmnf_excerpt\"><p>Fulda. Zur W\u00fcrdigung des Lebens von Nelson Mandela pr\u00e4sentiert die Hochschul-, Landes- und Stadtbibliothek (HLSB) noch bis zum 4. Oktober Werke\u00c2\u00a0 zu seinem Leben und Wirken sowie zur damit verbundenen Geschichte S\u00fcdafrikas.<\/p>\n<\/div>","protected":false},"author":1,"featured_media":0,"comment_status":"closed","ping_status":"closed","sticky":false,"template":"","format":"standard","meta":{"footnotes":""},"categories":[1,44],"tags":[],"class_list":["post-111995","post","type-post","status-publish","format-standard","hentry","category-startseite","category-kultur"],"_links":{"self":[{"href":"https:\/\/www.fuldaernachrichten.de\/index.php?rest_route=\/wp\/v2\/posts\/111995","targetHints":{"allow":["GET"]}}],"collection":[{"href":"https:\/\/www.fuldaernachrichten.de\/index.php?rest_route=\/wp\/v2\/posts"}],"about":[{"href":"https:\/\/www.fuldaernachrichten.de\/index.php?rest_route=\/wp\/v2\/types\/post"}],"author":[{"embeddable":true,"href":"https:\/\/www.fuldaernachrichten.de\/index.php?rest_route=\/wp\/v2\/users\/1"}],"replies":[{"embeddable":true,"href":"https:\/\/www.fuldaernachrichten.de\/index.php?rest_route=%2Fwp%2Fv2%2Fcomments&post=111995"}],"version-history":[{"count":1,"href":"https:\/\/www.fuldaernachrichten.de\/index.php?rest_route=\/wp\/v2\/posts\/111995\/revisions"}],"predecessor-version":[{"id":111996,"href":"https:\/\/www.fuldaernachrichten.de\/index.php?rest_route=\/wp\/v2\/posts\/111995\/revisions\/111996"}],"wp:attachment":[{"href":"https:\/\/www.fuldaernachrichten.de\/index.php?rest_route=%2Fwp%2Fv2%2Fmedia&parent=111995"}],"wp:term":[{"taxonomy":"category","embeddable":true,"href":"https:\/\/www.fuldaernachrichten.de\/index.php?rest_route=%2Fwp%2Fv2%2Fcategories&post=111995"},{"taxonomy":"post_tag","embeddable":true,"href":"https:\/\/www.fuldaernachrichten.de\/index.php?rest_route=%2Fwp%2Fv2%2Ftags&post=111995"}],"curies":[{"name":"wp","href":"https:\/\/api.w.org\/{rel}","templated":true}]}}