{"id":111980,"date":"2013-07-30T00:14:58","date_gmt":"2013-07-30T00:14:58","guid":{"rendered":"http:\/\/www.fuldaer-nachrichten.de\/?p=111980"},"modified":"2013-07-29T17:42:05","modified_gmt":"2013-07-29T17:42:05","slug":"trianel-windpark-borkum-wachst-in-die-hohe","status":"publish","type":"post","link":"https:\/\/www.fuldaernachrichten.de\/?p=111980","title":{"rendered":"Trianel Windpark Borkum w\u00e4chst in die H\u00f6he"},"content":{"rendered":"<p><img fetchpriority=\"high\" decoding=\"async\" class=\"alignleft size-thumbnail wp-image-111982\" alt=\"2013-07-23 TWB_Adventure auf hoher See\" src=\"http:\/\/www.fuldaer-nachrichten.de\/wp-content\/uploads\/2013\/07\/2013-07-23-TWB_Adventure-auf-hoher-See-265x198.jpg\" width=\"265\" height=\"198\" srcset=\"https:\/\/www.fuldaernachrichten.de\/wp-content\/uploads\/2013\/07\/2013-07-23-TWB_Adventure-auf-hoher-See-265x198.jpg 265w, https:\/\/www.fuldaernachrichten.de\/wp-content\/uploads\/2013\/07\/2013-07-23-TWB_Adventure-auf-hoher-See.jpg 600w\" sizes=\"(max-width: 265px) 100vw, 265px\" \/>Fulda. \u201eIn der Nordsee vor Borkum steht die erste Windkraftanlage unseres Offshore-Windparks\u201c, erl\u00e4utert Dipl.-Ing. G\u00fcnter Bury, Gesch\u00e4ftsf\u00fchrer der Rh\u00f6nEnergie Fulda GmbH, den erreichten Baufortschritt auf hoher See. Mit der Montage des Rotorsterns wurden am Wochenende die Errichtungsarbeiten bei der ersten von insgesamt 40 Windkraftanlagen im Trianel Windpark Borkum abgeschlossen. Zwei weitere Anlagen werden bis Ende der Woche errichtet.<!--more--><\/p>\n<p>\u201eMit der ersten, vollst\u00e4ndig installierten Windkraftanlage 40 Kilometer vor Borkum ist ein weiterer, wichtiger Baufortschritt erreicht. Wenn alles wie geplant weitergeht, rechnen wir im Herbst mit der ersten Stromeinspeisung der bis dahin errichteten Anlagen. Zum Jahreswechsel soll der kommerzielle Betrieb aufgenommen werden\u201c, so G\u00fcnter Bury.<\/p>\n<p><b>Technisch pr\u00e4zise Leistung auf hoher See<\/b><\/p>\n<p><img decoding=\"async\" class=\"alignleft size-thumbnail wp-image-111981\" alt=\"2013-07-17 TWB Eemshaven Verladung -4\" src=\"http:\/\/www.fuldaer-nachrichten.de\/wp-content\/uploads\/2013\/07\/2013-07-17-TWB-Eemshaven-Verladung-4-265x176.jpg\" width=\"265\" height=\"176\" srcset=\"https:\/\/www.fuldaernachrichten.de\/wp-content\/uploads\/2013\/07\/2013-07-17-TWB-Eemshaven-Verladung-4-265x176.jpg 265w, https:\/\/www.fuldaernachrichten.de\/wp-content\/uploads\/2013\/07\/2013-07-17-TWB-Eemshaven-Verladung-4.jpg 600w\" sizes=\"(max-width: 265px) 100vw, 265px\" \/>F\u00fcr die Errichtung der 148 Meter hohen AREVA-Windkraftanlagen der 5-MW-Klasse wurde das Spezialschiff \u201eAdventure\u201c des britischen Unternehmens MPI gechartert. Das Errichtungsschiff mit einer L\u00e4nge von rund 140 Metern bietet gen\u00fcgend Platz, um pro Tour die Komponenten f\u00fcr drei komplette Windkraftanlagen zu transportieren. Eine Anlage besteht aus drei Turmsegmenten, der Gondel und dem Rotorstern. Bereits eine Woche zuvor hatte die \u201eAdventure\u201c das Baufeld erreicht und mit den Vorarbeiten zur Installation begonnen.<\/p>\n<p>Die von AREVA Wind speziell f\u00fcr den Offshore-Einsatz hergestellten Anlagen sind f\u00fcr Windgeschwindigkeiten bis zu 25 m\/s ausgelegt, das entspricht der Windst\u00e4rke zehn. Bei voller Leistung drehen sich die Rotoren mit einer Blattspitzengeschwindigkeit von rund 320 Stundenkilometer etwa 15 Mal in der Minute um die eigene Achse.<\/p>\n<p>In den kommenden Monaten wird das Errichterschiff kontinuierlich zwischen dem Basishafen in Eemshaven und dem Baufeld vor Borkum pendeln. \u201eBei einer der n\u00e4chsten Touren wird auch unsere Rh\u00f6nEnergie Fulda-Gondel dabei sein\u201c, freut sich G\u00fcnter Bury. Rund ein halbes Jahr werden die Errichtungsarbeiten f\u00fcr alle 40 Anlagen voraussichtlich dauern.<\/p>\n<p>F\u00fcr das vierte Quartal ist die Fertigstellung der Netzanbindung durch den zust\u00e4ndigen Netzbetreiber TenneT geplant. Die daf\u00fcr ben\u00f6tigte Offshore-Konverter-Plattform DolWin alpha wird voraussichtlich in den Sommermonaten errichtet. \u201eSobald der Netzanschluss vorhanden ist, kann der Windpark mit dem Probebetrieb starten\u201c, so G\u00fcnter Bury. Aufgrund der mehrmaligen Verz\u00f6gerung des Netzanschlusses hat sich die Inbetriebnahme des Windparks bereits um rund ein Jahr verschoben.<\/p>\n<p><b>Erneuerbare Energie f\u00fcr 13.000 Haushalte<\/b><\/p>\n<p>Um einen Teil des dadurch entstandenen finanziellen Schadens zu decken, nehmen die am Windpark beteiligten kommunalen Versorger und Trianel die am 1. Januar 2013 in Kraft getretene Haftungsregelung f\u00fcr eine versp\u00e4tete Netzanbindung in Anspruch. Danach werden 90 Prozent der entgangenen Einspeiseverg\u00fctung von TenneT entsch\u00e4digt.<\/p>\n<p>Die Rh\u00f6nEnergie Fulda GmbH ist mit einer Leistung von 12,3 Megawatt an dem Offshore-Windpark beteiligt. Damit k\u00f6nnen rein rechnerisch mindestens 45 Millionen Kilowattstunden Strom pro Jahr erzeugt und fast 13.000 Haushalte im Versorgungsgebiet mit umweltfreundlichem Windstrom versorgt werden.<\/p>\n","protected":false},"excerpt":{"rendered":"<div class=\"tmnf_excerpt\"><p>Fulda. \u201eIn der Nordsee vor Borkum steht die erste Windkraftanlage unseres Offshore-Windparks\u201c, erl\u00e4utert Dipl.-Ing. G\u00fcnter Bury, Gesch\u00e4ftsf\u00fchrer der Rh\u00f6nEnergie Fulda GmbH, den erreichten Baufortschritt auf hoher See. Mit der Montage des Rotorsterns wurden am Wochenende die Errichtungsarbeiten bei der ersten von insgesamt 40 Windkraftanlagen im Trianel Windpark Borkum abgeschlossen. Zwei weitere Anlagen werden bis Ende &hellip;<\/p>\n<\/div>","protected":false},"author":1,"featured_media":0,"comment_status":"closed","ping_status":"closed","sticky":false,"template":"","format":"standard","meta":{"footnotes":""},"categories":[1,29],"tags":[],"class_list":["post-111980","post","type-post","status-publish","format-standard","hentry","category-startseite","category-politik"],"_links":{"self":[{"href":"https:\/\/www.fuldaernachrichten.de\/index.php?rest_route=\/wp\/v2\/posts\/111980","targetHints":{"allow":["GET"]}}],"collection":[{"href":"https:\/\/www.fuldaernachrichten.de\/index.php?rest_route=\/wp\/v2\/posts"}],"about":[{"href":"https:\/\/www.fuldaernachrichten.de\/index.php?rest_route=\/wp\/v2\/types\/post"}],"author":[{"embeddable":true,"href":"https:\/\/www.fuldaernachrichten.de\/index.php?rest_route=\/wp\/v2\/users\/1"}],"replies":[{"embeddable":true,"href":"https:\/\/www.fuldaernachrichten.de\/index.php?rest_route=%2Fwp%2Fv2%2Fcomments&post=111980"}],"version-history":[{"count":2,"href":"https:\/\/www.fuldaernachrichten.de\/index.php?rest_route=\/wp\/v2\/posts\/111980\/revisions"}],"predecessor-version":[{"id":111984,"href":"https:\/\/www.fuldaernachrichten.de\/index.php?rest_route=\/wp\/v2\/posts\/111980\/revisions\/111984"}],"wp:attachment":[{"href":"https:\/\/www.fuldaernachrichten.de\/index.php?rest_route=%2Fwp%2Fv2%2Fmedia&parent=111980"}],"wp:term":[{"taxonomy":"category","embeddable":true,"href":"https:\/\/www.fuldaernachrichten.de\/index.php?rest_route=%2Fwp%2Fv2%2Fcategories&post=111980"},{"taxonomy":"post_tag","embeddable":true,"href":"https:\/\/www.fuldaernachrichten.de\/index.php?rest_route=%2Fwp%2Fv2%2Ftags&post=111980"}],"curies":[{"name":"wp","href":"https:\/\/api.w.org\/{rel}","templated":true}]}}