{"id":111963,"date":"2013-07-30T00:16:53","date_gmt":"2013-07-30T00:16:53","guid":{"rendered":"http:\/\/www.fuldaer-nachrichten.de\/?p=111963"},"modified":"2013-07-29T17:46:23","modified_gmt":"2013-07-29T17:46:23","slug":"ahresbericht-2012-der-fuldaer-caritas-arbeit-und-projekte-des-katholischen-sozialverbandes-60-seiten-information","status":"publish","type":"post","link":"https:\/\/www.fuldaernachrichten.de\/?p=111963","title":{"rendered":"Jahresbericht 2012 der Fuldaer Caritas: Arbeit und Projekte des Katholischen Sozialverbandes \u2013 60 Seiten Information"},"content":{"rendered":"<div id=\"attachment_111964\" style=\"width: 275px\" class=\"wp-caption alignleft\"><img fetchpriority=\"high\" decoding=\"async\" aria-describedby=\"caption-attachment-111964\" class=\"size-thumbnail wp-image-111964\" alt=\"(v. li.): Vorstandsmitglied Ansgar Erb, Di\u00f6zesan-Caritasdirektor Dr. Markus Juch, Aufsichtsratsvorsitzender Msgr. Elmar Gurk.   \" src=\"http:\/\/www.fuldaer-nachrichten.de\/wp-content\/uploads\/2013\/07\/zu-56-cs_Pr\u00e4sentation_neuer_Jahresbericht_2012_IMG_1054-265x259.jpg\" width=\"265\" height=\"259\" \/><p id=\"caption-attachment-111964\" class=\"wp-caption-text\">(v. li.): Vorstandsmitglied Ansgar Erb, Di\u00f6zesan-Caritasdirektor Dr. Markus Juch, Aufsichtsratsvorsitzender Msgr. Elmar Gurk.<\/p><\/div>\n<p><b>Fulda (cif).<\/b> \u201eDer Umfang der Brosch\u00fcre zeugt einerseits von der Vielfalt der Caritas-Arbeit im Bistum Fulda und andererseits davon, wie wichtig wir es mit Transparenz und ausf\u00fchrlicher Bilanzierung unserer Arbeit nehmen!\u201c Caritasdirektor Dr. Markus Juch stellte gemeinsam mit dem Aufsichtsratsvorsitzenden Msgr. Elmar Gurk und Vorstandsmitglied Ansgar Erb den soeben erschienenen Jahresbericht 2012 des Caritasverbandes f\u00fcr die Di\u00f6zese Fulda vor: \u201eDer Jahresbericht soll Interessierte umfassend dar\u00fcber informieren, was unsere Schwerpunktthemen im Berichtsjahr waren und wo wir als Caritas besonders aktiv gewesen sind!\u201c Runde 60 Seiten umfasst der Jahresbericht 2012, in dem neben der Darlegung einer Reihe von statistischen Informationen in einzelnen Kapiteln \u00fcber die \u00c2\u00a0unterschiedlichen operativen Arbeitsfelder sowie \u00fcber die spitzenverbandliche T\u00e4tigkeit der Fuldaer Caritas und aktuelle Projekte detailliert \u00c2\u00a0berichtet wird.<!--more--><\/p>\n<div>\n<p><b>Beilage: \u201eJahresbericht in einfacher Sprache\u201c der Behindertenhilfe<\/b><\/p>\n<p>Dar\u00fcber hinaus enth\u00e4lt der Jahresbericht erneut ein aktuelles Adressenverzeichnis aller angeschlossenen Verb\u00e4nde, Einrichtungen und vorgehaltenen Dienste. Nach dem gelungenen Experiment im Vorjahr gibt es zudem auch f\u00fcr 2012 wieder den \u201eJahresbericht in einfacher Sprache\u201c der Caritas Behindertenhilfe und Psychiatrie, der in erster Linie f\u00fcr die in den Caritas-Werkst\u00e4tten t\u00e4tigen und in Caritas-Wohneinrichtungen lebenden Menschen mit Behinderung verfasst wurde.<\/p>\n<p>Dieser spezielle Jahresbericht der Behindertenhilfe ist separat oder als Beilage zum Jahresbericht des Di\u00f6zesan-Caritasverbandes gleicherma\u00dfen abrufbar. Interessierte k\u00f6nnen beide Brosch\u00fcren kostenlos anfordern beim Caritasverband f\u00fcr die Di\u00f6zese Fulda, \u00d6ffentlichkeitsarbeit, Wilhelmstra\u00dfe 2, 36037 Fulda, Tel. 0661\/2428-161, E-Mail <a href=\"mailto:oeffentlichkeitsarbeit@caritas-fulda.de\">oeffentlichkeitsarbeit@caritas-fulda.de<\/a>. Zudem steht das komplette Heft unter www.caritas-fulda.de als PDF-Dokument zum Download bereit (unter Service den Downloadcenter aufrufen).<\/p>\n<\/div>\n","protected":false},"excerpt":{"rendered":"<div class=\"tmnf_excerpt\"><p>Fulda (cif). \u201eDer Umfang der Brosch\u00fcre zeugt einerseits von der Vielfalt der Caritas-Arbeit im Bistum Fulda und andererseits davon, wie wichtig wir es mit Transparenz und ausf\u00fchrlicher Bilanzierung unserer Arbeit nehmen!\u201c Caritasdirektor Dr. Markus Juch stellte gemeinsam mit dem Aufsichtsratsvorsitzenden Msgr. Elmar Gurk und Vorstandsmitglied Ansgar Erb den soeben erschienenen Jahresbericht 2012 des Caritasverbandes f\u00fcr &hellip;<\/p>\n<\/div>","protected":false},"author":1,"featured_media":0,"comment_status":"closed","ping_status":"closed","sticky":false,"template":"","format":"standard","meta":{"footnotes":""},"categories":[1,50],"tags":[],"class_list":["post-111963","post","type-post","status-publish","format-standard","hentry","category-startseite","category-kirche"],"_links":{"self":[{"href":"https:\/\/www.fuldaernachrichten.de\/index.php?rest_route=\/wp\/v2\/posts\/111963","targetHints":{"allow":["GET"]}}],"collection":[{"href":"https:\/\/www.fuldaernachrichten.de\/index.php?rest_route=\/wp\/v2\/posts"}],"about":[{"href":"https:\/\/www.fuldaernachrichten.de\/index.php?rest_route=\/wp\/v2\/types\/post"}],"author":[{"embeddable":true,"href":"https:\/\/www.fuldaernachrichten.de\/index.php?rest_route=\/wp\/v2\/users\/1"}],"replies":[{"embeddable":true,"href":"https:\/\/www.fuldaernachrichten.de\/index.php?rest_route=%2Fwp%2Fv2%2Fcomments&post=111963"}],"version-history":[{"count":2,"href":"https:\/\/www.fuldaernachrichten.de\/index.php?rest_route=\/wp\/v2\/posts\/111963\/revisions"}],"predecessor-version":[{"id":111989,"href":"https:\/\/www.fuldaernachrichten.de\/index.php?rest_route=\/wp\/v2\/posts\/111963\/revisions\/111989"}],"wp:attachment":[{"href":"https:\/\/www.fuldaernachrichten.de\/index.php?rest_route=%2Fwp%2Fv2%2Fmedia&parent=111963"}],"wp:term":[{"taxonomy":"category","embeddable":true,"href":"https:\/\/www.fuldaernachrichten.de\/index.php?rest_route=%2Fwp%2Fv2%2Fcategories&post=111963"},{"taxonomy":"post_tag","embeddable":true,"href":"https:\/\/www.fuldaernachrichten.de\/index.php?rest_route=%2Fwp%2Fv2%2Ftags&post=111963"}],"curies":[{"name":"wp","href":"https:\/\/api.w.org\/{rel}","templated":true}]}}