{"id":111931,"date":"2013-07-29T09:21:44","date_gmt":"2013-07-29T09:21:44","guid":{"rendered":"http:\/\/www.fuldaer-nachrichten.de\/?p=111931"},"modified":"2013-07-29T09:21:44","modified_gmt":"2013-07-29T09:21:44","slug":"seimartin-kremer-ist-seit-20-jahren-fur-das-unesco-biospharenreservat-rhon-tatig","status":"publish","type":"post","link":"https:\/\/www.fuldaernachrichten.de\/?p=111931","title":{"rendered":"SeiMartin Kremer ist seit 20 Jahren f\u00fcr das UNESCO-Biosph\u00e4renreservat Rh\u00f6n t\u00e4tig"},"content":{"rendered":"<p><img fetchpriority=\"high\" decoding=\"async\" class=\"alignleft size-thumbnail wp-image-111932\" alt=\"martin kremer\" src=\"http:\/\/www.fuldaer-nachrichten.de\/wp-content\/uploads\/2013\/07\/martin-kremer-265x438.jpg\" width=\"265\" height=\"438\" srcset=\"https:\/\/www.fuldaernachrichten.de\/wp-content\/uploads\/2013\/07\/martin-kremer-265x438.jpg 265w, https:\/\/www.fuldaernachrichten.de\/wp-content\/uploads\/2013\/07\/martin-kremer-160x265.jpg 160w, https:\/\/www.fuldaernachrichten.de\/wp-content\/uploads\/2013\/07\/martin-kremer-362x600.jpg 362w, https:\/\/www.fuldaernachrichten.de\/wp-content\/uploads\/2013\/07\/martin-kremer.jpg 600w\" sizes=\"(max-width: 265px) 100vw, 265px\" \/>Rh\u00f6n. Martin Kremer, der stellvertretende Leiter der Hessischen Verwaltungsstelle des Biosph\u00e4renreservats Rh\u00f6n, begeht in wenigen Tagen sein 20-j\u00e4hriges Jubil\u00e4um beim Biosph\u00e4renreservat.<\/p>\n<p>Seit August 1993 arbeitet Martin Kremer bereits f\u00fcr das Biosph\u00e4renreservat im hessischen Teil der Rh\u00f6n. Urspr\u00fcnglich hatte er beim Arbeitsamt gelernt und dann ein Studium an der Fachhochschule in Kassel zum Diplom-Verwaltungswirt absolviert. Danach war er zun\u00e4chst B\u00fcroleiter im Biosph\u00e4renreservat Rh\u00f6n und k\u00fcmmerte sich vorwiegend um den Aufbau von Verwaltungsstrukturen, um die Naturwacht im Biosph\u00e4renreservat Rh\u00f6n sowie um den Bereich Umweltbildung.<!--more--><\/p>\n<p>Einen Namen machte sich Martin Kremer \u00fcber die Region hinaus durch das Initiieren von Projekten gemeinsam mit verschiedenen Partnern wie die Wiederansiedlung des Deutschen Edelkrebses in verschiedenen Gew\u00e4ssern der Rh\u00f6n, die Wiederansiedlung des Schneider-Fisches in der Ulster sowie um die F\u00f6rderung der Junior-Ranger des Biosph\u00e4renreservats Rh\u00f6n. Au\u00dferdem organisiert der stellvertretende Leiter der Hessischen Verwaltungsstelle des Biosph\u00e4renreservats Rh\u00f6n j\u00e4hrliche Fachexkursionen, zum Beispiel f\u00fcr Sch\u00e4fer oder auch solche, die sich der Gewinnung von Energie aus Wasserkraft widmen. Des weiteren bildet die \u00d6ffentlichkeitsarbeit f\u00fcr das Biosph\u00e4renreservat Rh\u00f6n und den Verein Natur- und Lebensraum Rh\u00f6n als Tr\u00e4ger- und F\u00f6rderverein f\u00fcr den hessischen Teil des Biosph\u00e4renreservats Rh\u00f6n einen Schwerpunkt seiner T\u00e4tigkeit.<\/p>\n<p>Seit 2006 ist Kremer parallel zu seiner Arbeit im Biosph\u00e4renreservat Rh\u00f6n ehrenamtlicher Gesch\u00e4ftsf\u00fchrer im Verein Natur- und Lebensraum Rh\u00f6n. Hier gab er wesentliche Impulse f\u00fcr die Erarbeitung des Regionalen Entwicklungskonzeptes, f\u00fcr die finanzielle Konsolidierung des Vereins sowie f\u00fcr die Neuausrichtung des Vereins als politische Lobbygruppe der Rh\u00f6n sowie letztlich f\u00fcr die erfolgreiche Abwicklung der EU-Leader-F\u00f6rderperiode von 2007 bis 2014. Auch beim Windkraftpapier des Vereins, beim Kernzonenkonzept und beim Gr\u00fcnlandpapier hinterlie\u00df Kremer seine Handschrift.<\/p>\n<p>Martin Kremer ist dar\u00fcber hinaus Mitglied im Koordinierungsausschuss der Regionalen Arbeitsgemeinschaft (ARGE) Rh\u00f6n und arbeitet im Verein der Hessischen Regionalforen mit. \u201eIch bin dankbar, dass ich in den letzten 20 Jahren mit solchen Personen wie Dieter Popp, Heinrich He\u00df und Otto Evers zusammenarbeiten durfte. Von ihnen habe ich sehr viel gelernt, und alle haben dem Biosph\u00e4renreservat ihren ganz pers\u00f6nlichen Stempel aufgedr\u00fcckt\u201c, sagt Kremer.<\/p>\n","protected":false},"excerpt":{"rendered":"<div class=\"tmnf_excerpt\"><p>Rh\u00f6n. Martin Kremer, der stellvertretende Leiter der Hessischen Verwaltungsstelle des Biosph\u00e4renreservats Rh\u00f6n, begeht in wenigen Tagen sein 20-j\u00e4hriges Jubil\u00e4um beim Biosph\u00e4renreservat. Seit August 1993 arbeitet Martin Kremer bereits f\u00fcr das Biosph\u00e4renreservat im hessischen Teil der Rh\u00f6n. Urspr\u00fcnglich hatte er beim Arbeitsamt gelernt und dann ein Studium an der Fachhochschule in Kassel zum Diplom-Verwaltungswirt absolviert. Danach &hellip;<\/p>\n<\/div>","protected":false},"author":1,"featured_media":0,"comment_status":"closed","ping_status":"closed","sticky":false,"template":"","format":"standard","meta":{"footnotes":""},"categories":[1,52],"tags":[],"class_list":["post-111931","post","type-post","status-publish","format-standard","hentry","category-startseite","category-umwelt"],"_links":{"self":[{"href":"https:\/\/www.fuldaernachrichten.de\/index.php?rest_route=\/wp\/v2\/posts\/111931","targetHints":{"allow":["GET"]}}],"collection":[{"href":"https:\/\/www.fuldaernachrichten.de\/index.php?rest_route=\/wp\/v2\/posts"}],"about":[{"href":"https:\/\/www.fuldaernachrichten.de\/index.php?rest_route=\/wp\/v2\/types\/post"}],"author":[{"embeddable":true,"href":"https:\/\/www.fuldaernachrichten.de\/index.php?rest_route=\/wp\/v2\/users\/1"}],"replies":[{"embeddable":true,"href":"https:\/\/www.fuldaernachrichten.de\/index.php?rest_route=%2Fwp%2Fv2%2Fcomments&post=111931"}],"version-history":[{"count":1,"href":"https:\/\/www.fuldaernachrichten.de\/index.php?rest_route=\/wp\/v2\/posts\/111931\/revisions"}],"predecessor-version":[{"id":111933,"href":"https:\/\/www.fuldaernachrichten.de\/index.php?rest_route=\/wp\/v2\/posts\/111931\/revisions\/111933"}],"wp:attachment":[{"href":"https:\/\/www.fuldaernachrichten.de\/index.php?rest_route=%2Fwp%2Fv2%2Fmedia&parent=111931"}],"wp:term":[{"taxonomy":"category","embeddable":true,"href":"https:\/\/www.fuldaernachrichten.de\/index.php?rest_route=%2Fwp%2Fv2%2Fcategories&post=111931"},{"taxonomy":"post_tag","embeddable":true,"href":"https:\/\/www.fuldaernachrichten.de\/index.php?rest_route=%2Fwp%2Fv2%2Ftags&post=111931"}],"curies":[{"name":"wp","href":"https:\/\/api.w.org\/{rel}","templated":true}]}}