{"id":111917,"date":"2013-07-29T09:15:16","date_gmt":"2013-07-29T09:15:16","guid":{"rendered":"http:\/\/www.fuldaer-nachrichten.de\/?p=111917"},"modified":"2013-07-29T09:15:16","modified_gmt":"2013-07-29T09:15:16","slug":"6-kabarett-abend-in-ramholz","status":"publish","type":"post","link":"https:\/\/www.fuldaernachrichten.de\/?p=111917","title":{"rendered":"6. Kabarett-Abend in Ramholz"},"content":{"rendered":"<div id=\"attachment_111918\" style=\"width: 275px\" class=\"wp-caption alignleft\"><img fetchpriority=\"high\" decoding=\"async\" aria-describedby=\"caption-attachment-111918\" class=\"size-thumbnail wp-image-111918\" alt=\"Foto: Franz-Josef Feimer\" src=\"http:\/\/www.fuldaer-nachrichten.de\/wp-content\/uploads\/2013\/07\/Franz-Josef-Feimer-xx_B-265x225.jpg\" width=\"265\" height=\"225\" srcset=\"https:\/\/www.fuldaernachrichten.de\/wp-content\/uploads\/2013\/07\/Franz-Josef-Feimer-xx_B-265x225.jpg 265w, https:\/\/www.fuldaernachrichten.de\/wp-content\/uploads\/2013\/07\/Franz-Josef-Feimer-xx_B.jpg 600w\" sizes=\"(max-width: 265px) 100vw, 265px\" \/><p id=\"caption-attachment-111918\" class=\"wp-caption-text\">Foto:<br \/>Franz-Josef Feimer<\/p><\/div>\n<p>Schl\u00fcchtern-Ramholz. &#8220;H\u00f6r-mal im Denkmal&#8221;, Kabarett zum Tag des offenen Denkmals, bietet die Sparkassen-Kulturstiftung Hessen-Th\u00fcringen mit Unterst\u00fctzung der Kreissparkasse Schl\u00fcchtern und der Stadt Schl\u00fcchtern, am Freitag, 6. September, 20 Uhr, im Schlosscafe Ramholz. Aufgrund der Erfolge in den Vorjahren gibt es wieder eine ganz besondere Kabarettveranstaltung: Franz-Josef Feimer pr\u00e4sentiert sein musikalisch-literarisches Kleinkunstprogramm \u201eSpagat\u201c.<!--more--><\/p>\n<p>Feimer steht seit mehr als 20 Jahren auf der B\u00fchne. Sein beliebtestes Thema ist \u201eder kleine Mann von nebenan\u201c. Von ihm erz\u00e4hlt und \u00fcber ihn l\u00e4stert er Feimer begleitet sich am Piano und singt oft, was er sagen will. Er packt jeden im Publikum, weil sich irgendwie jeder ertappt f\u00fchlt. Das Zwerchfell wird m\u00e4chtig strapaziert. Wenn Feimer politisch wird, dann wird es heftig. Es gibt aber auch niveauvoll nachdenkliche Texte. Feimer pendelt zwischen vielen Extremen, was das Programm so interessant macht. Mit seinen pikanten und lustigen Geschichten trifft er quer durchs Gem\u00fct mitten ins Schwarze: K\u00f6stliche Unterhaltung.<\/p>\n<p>Karten sind im Vorverkauf bei der Buchhandlung B\u00fccher und mehr, Bahnhofstr. 2, 36391 Sinntal-Sterbfritz (Tel.: 066 64\/ 911 859, E-Mail: buecher-mehr@t-online.de), Buchhandlung Sch\u00f6ne Seiten, Obertorstr. 15, 36381 Schl\u00fcchtern (Tel.: 066 61\/ 153 78 10, E-Mail: buchhanlung.schoeneseiten@gmx.de) oder per E-Mail: info@degenfeld-online.de erh\u00e4ltlich.<\/p>\n","protected":false},"excerpt":{"rendered":"<div class=\"tmnf_excerpt\"><p>Schl\u00fcchtern-Ramholz. &#8220;H\u00f6r-mal im Denkmal&#8221;, Kabarett zum Tag des offenen Denkmals, bietet die Sparkassen-Kulturstiftung Hessen-Th\u00fcringen mit Unterst\u00fctzung der Kreissparkasse Schl\u00fcchtern und der Stadt Schl\u00fcchtern, am Freitag, 6. September, 20 Uhr, im Schlosscafe Ramholz. Aufgrund der Erfolge in den Vorjahren gibt es wieder eine ganz besondere Kabarettveranstaltung: Franz-Josef Feimer pr\u00e4sentiert sein musikalisch-literarisches Kleinkunstprogramm \u201eSpagat\u201c.<\/p>\n<\/div>","protected":false},"author":1,"featured_media":0,"comment_status":"closed","ping_status":"closed","sticky":false,"template":"","format":"standard","meta":{"footnotes":""},"categories":[1],"tags":[],"class_list":["post-111917","post","type-post","status-publish","format-standard","hentry","category-startseite"],"_links":{"self":[{"href":"https:\/\/www.fuldaernachrichten.de\/index.php?rest_route=\/wp\/v2\/posts\/111917","targetHints":{"allow":["GET"]}}],"collection":[{"href":"https:\/\/www.fuldaernachrichten.de\/index.php?rest_route=\/wp\/v2\/posts"}],"about":[{"href":"https:\/\/www.fuldaernachrichten.de\/index.php?rest_route=\/wp\/v2\/types\/post"}],"author":[{"embeddable":true,"href":"https:\/\/www.fuldaernachrichten.de\/index.php?rest_route=\/wp\/v2\/users\/1"}],"replies":[{"embeddable":true,"href":"https:\/\/www.fuldaernachrichten.de\/index.php?rest_route=%2Fwp%2Fv2%2Fcomments&post=111917"}],"version-history":[{"count":1,"href":"https:\/\/www.fuldaernachrichten.de\/index.php?rest_route=\/wp\/v2\/posts\/111917\/revisions"}],"predecessor-version":[{"id":111919,"href":"https:\/\/www.fuldaernachrichten.de\/index.php?rest_route=\/wp\/v2\/posts\/111917\/revisions\/111919"}],"wp:attachment":[{"href":"https:\/\/www.fuldaernachrichten.de\/index.php?rest_route=%2Fwp%2Fv2%2Fmedia&parent=111917"}],"wp:term":[{"taxonomy":"category","embeddable":true,"href":"https:\/\/www.fuldaernachrichten.de\/index.php?rest_route=%2Fwp%2Fv2%2Fcategories&post=111917"},{"taxonomy":"post_tag","embeddable":true,"href":"https:\/\/www.fuldaernachrichten.de\/index.php?rest_route=%2Fwp%2Fv2%2Ftags&post=111917"}],"curies":[{"name":"wp","href":"https:\/\/api.w.org\/{rel}","templated":true}]}}