{"id":111915,"date":"2013-07-29T09:13:53","date_gmt":"2013-07-29T09:13:53","guid":{"rendered":"http:\/\/www.fuldaer-nachrichten.de\/?p=111915"},"modified":"2013-07-29T09:13:53","modified_gmt":"2013-07-29T09:13:53","slug":"jugendamt-lauterbach-wegen-umzug-eingeschrankt-erreichbar","status":"publish","type":"post","link":"https:\/\/www.fuldaernachrichten.de\/?p=111915","title":{"rendered":"Jugendamt Lauterbach wegen Umzug eingeschr\u00e4nkt erreichbar"},"content":{"rendered":"<p>Lauterbach. Von Mittwoch, 31. Juli, bis Freitag, 2. August, sind das Sachgebiet Jugendarbeit und die Unterhaltsvorschussstelle im Jugendamt Lauterbach nur eingeschr\u00e4nkt zu erreichen.\u00c2\u00a0 Das Sachgebiet Jugendarbeit und Jugendbildung wird ab dem 1. August am neuen Standort, Goldhelg 40 in Lauterbach, zu finden sein.\u00c2\u00a0 Die Unterhaltsvorschussstelle bezieht ihre R\u00e4ume dann im Hauptgeb\u00e4ude, Goldhelg 20.\u00c2\u00a0 W\u00e4hrend der Umz\u00fcge ist eine telefonische Kontaktaufnahme nur \u00fcber die Zentrale unter 06641 977-0 m\u00f6glich.<\/p>\n","protected":false},"excerpt":{"rendered":"<div class=\"tmnf_excerpt\"><p>Lauterbach. Von Mittwoch, 31. Juli, bis Freitag, 2. August, sind das Sachgebiet Jugendarbeit und die Unterhaltsvorschussstelle im Jugendamt Lauterbach nur eingeschr\u00e4nkt zu erreichen.\u00c2\u00a0 Das Sachgebiet Jugendarbeit und Jugendbildung wird ab dem 1. August am neuen Standort, Goldhelg 40 in Lauterbach, zu finden sein.\u00c2\u00a0 Die Unterhaltsvorschussstelle bezieht ihre R\u00e4ume dann im Hauptgeb\u00e4ude, Goldhelg 20.\u00c2\u00a0 W\u00e4hrend der &hellip;<\/p>\n<\/div>","protected":false},"author":1,"featured_media":0,"comment_status":"closed","ping_status":"closed","sticky":false,"template":"","format":"standard","meta":{"footnotes":""},"categories":[1],"tags":[],"class_list":["post-111915","post","type-post","status-publish","format-standard","hentry","category-startseite"],"_links":{"self":[{"href":"https:\/\/www.fuldaernachrichten.de\/index.php?rest_route=\/wp\/v2\/posts\/111915","targetHints":{"allow":["GET"]}}],"collection":[{"href":"https:\/\/www.fuldaernachrichten.de\/index.php?rest_route=\/wp\/v2\/posts"}],"about":[{"href":"https:\/\/www.fuldaernachrichten.de\/index.php?rest_route=\/wp\/v2\/types\/post"}],"author":[{"embeddable":true,"href":"https:\/\/www.fuldaernachrichten.de\/index.php?rest_route=\/wp\/v2\/users\/1"}],"replies":[{"embeddable":true,"href":"https:\/\/www.fuldaernachrichten.de\/index.php?rest_route=%2Fwp%2Fv2%2Fcomments&post=111915"}],"version-history":[{"count":1,"href":"https:\/\/www.fuldaernachrichten.de\/index.php?rest_route=\/wp\/v2\/posts\/111915\/revisions"}],"predecessor-version":[{"id":111916,"href":"https:\/\/www.fuldaernachrichten.de\/index.php?rest_route=\/wp\/v2\/posts\/111915\/revisions\/111916"}],"wp:attachment":[{"href":"https:\/\/www.fuldaernachrichten.de\/index.php?rest_route=%2Fwp%2Fv2%2Fmedia&parent=111915"}],"wp:term":[{"taxonomy":"category","embeddable":true,"href":"https:\/\/www.fuldaernachrichten.de\/index.php?rest_route=%2Fwp%2Fv2%2Fcategories&post=111915"},{"taxonomy":"post_tag","embeddable":true,"href":"https:\/\/www.fuldaernachrichten.de\/index.php?rest_route=%2Fwp%2Fv2%2Ftags&post=111915"}],"curies":[{"name":"wp","href":"https:\/\/api.w.org\/{rel}","templated":true}]}}