{"id":111908,"date":"2013-07-29T09:09:33","date_gmt":"2013-07-29T09:09:33","guid":{"rendered":"http:\/\/www.fuldaer-nachrichten.de\/?p=111908"},"modified":"2013-07-29T09:09:33","modified_gmt":"2013-07-29T09:09:33","slug":"kino35-alles-ist-erleuchtet-am-02-08-13","status":"publish","type":"post","link":"https:\/\/www.fuldaernachrichten.de\/?p=111908","title":{"rendered":"Kino35: &#8220;Alles ist erleuchtet&#8221; am 02.08.13"},"content":{"rendered":"<p><img decoding=\"async\" class=\"alignleft size-thumbnail wp-image-111909\" alt=\"todo_esta_iluminado_2005_2\" src=\"http:\/\/www.fuldaer-nachrichten.de\/wp-content\/uploads\/2013\/07\/todo_esta_iluminado_2005_2-265x148.jpg\" width=\"265\" height=\"148\" srcset=\"https:\/\/www.fuldaernachrichten.de\/wp-content\/uploads\/2013\/07\/todo_esta_iluminado_2005_2-265x148.jpg 265w, https:\/\/www.fuldaernachrichten.de\/wp-content\/uploads\/2013\/07\/todo_esta_iluminado_2005_2.jpg 600w\" sizes=\"(max-width: 265px) 100vw, 265px\" \/>Fulda. Die Kultur- und Kinoinitiative Fulda e.V. zeigt am Freitag, den 02.08.2013 um 21:00 Uhr die Tragikom\u00f6die \u201eAlles ist erleuchtet\u201c.\u00c2\u00a0 Der junge amerikanische Jude Jonathan reist in die Ukraine. Dort sucht er nach einer Frau, von der er annimmt, dass sie w\u00e4hrend des zweiten Weltkrieges das Leben seines Opas gerettet hat. Als er dabei in einem Dorf ankommt, das fr\u00fcher von den Nazis besetzt war, findet er ganz unerwartet Hilfe. Gemeinsam mit seinem Reisef\u00fchrer, einem alten Ukrainer, dessen Enkel Alex als Dolmetscher hilfreich zur Seite steht sowie dem Hund Sammy Davis Junior und einem alten, klapprigen Auto, macht sich Jonathan auf eine Reise in seine Vergangenheit.<!--more--><\/p>\n<p>Schon ab 20 Uhr gibt es ein kleines Rahmenprogramm im zweiten Teil unserer Sommerflirrers mit leckeren Snacks, selbstgemachter Limonade, Wassereis und einem kleinen Planschbecken zur Abk\u00fchlung. Der Eintritt liegt bei 4\u00e2\u201a\u00ac (erm\u00e4\u00dfigt 3\u00e2\u201a\u00ac). Die Vorf\u00fchrung findet statt im Kino35 &#8211; Caf\u00e9 Panama in der Langebr\u00fcckenstr. 14, 36037 Fulda, weitere Infos erhalten Sie unter der Telefonnummer 0661-480045-35 oder unter www.35kino.de.<\/p>\n","protected":false},"excerpt":{"rendered":"<div class=\"tmnf_excerpt\"><p>Fulda. Die Kultur- und Kinoinitiative Fulda e.V. zeigt am Freitag, den 02.08.2013 um 21:00 Uhr die Tragikom\u00f6die \u201eAlles ist erleuchtet\u201c.\u00c2\u00a0 Der junge amerikanische Jude Jonathan reist in die Ukraine. Dort sucht er nach einer Frau, von der er annimmt, dass sie w\u00e4hrend des zweiten Weltkrieges das Leben seines Opas gerettet hat. Als er dabei in &hellip;<\/p>\n<\/div>","protected":false},"author":1,"featured_media":0,"comment_status":"closed","ping_status":"closed","sticky":false,"template":"","format":"standard","meta":{"footnotes":""},"categories":[1,44],"tags":[],"class_list":["post-111908","post","type-post","status-publish","format-standard","hentry","category-startseite","category-kultur"],"_links":{"self":[{"href":"https:\/\/www.fuldaernachrichten.de\/index.php?rest_route=\/wp\/v2\/posts\/111908","targetHints":{"allow":["GET"]}}],"collection":[{"href":"https:\/\/www.fuldaernachrichten.de\/index.php?rest_route=\/wp\/v2\/posts"}],"about":[{"href":"https:\/\/www.fuldaernachrichten.de\/index.php?rest_route=\/wp\/v2\/types\/post"}],"author":[{"embeddable":true,"href":"https:\/\/www.fuldaernachrichten.de\/index.php?rest_route=\/wp\/v2\/users\/1"}],"replies":[{"embeddable":true,"href":"https:\/\/www.fuldaernachrichten.de\/index.php?rest_route=%2Fwp%2Fv2%2Fcomments&post=111908"}],"version-history":[{"count":1,"href":"https:\/\/www.fuldaernachrichten.de\/index.php?rest_route=\/wp\/v2\/posts\/111908\/revisions"}],"predecessor-version":[{"id":111910,"href":"https:\/\/www.fuldaernachrichten.de\/index.php?rest_route=\/wp\/v2\/posts\/111908\/revisions\/111910"}],"wp:attachment":[{"href":"https:\/\/www.fuldaernachrichten.de\/index.php?rest_route=%2Fwp%2Fv2%2Fmedia&parent=111908"}],"wp:term":[{"taxonomy":"category","embeddable":true,"href":"https:\/\/www.fuldaernachrichten.de\/index.php?rest_route=%2Fwp%2Fv2%2Fcategories&post=111908"},{"taxonomy":"post_tag","embeddable":true,"href":"https:\/\/www.fuldaernachrichten.de\/index.php?rest_route=%2Fwp%2Fv2%2Ftags&post=111908"}],"curies":[{"name":"wp","href":"https:\/\/api.w.org\/{rel}","templated":true}]}}