{"id":111897,"date":"2013-07-28T09:02:28","date_gmt":"2013-07-28T09:02:28","guid":{"rendered":"http:\/\/www.fuldaer-nachrichten.de\/?p=111897"},"modified":"2013-07-29T09:04:54","modified_gmt":"2013-07-29T09:04:54","slug":"lobpreiskonzert-in-der-klosterkirche-zur-eroffnung-des-weltjugendtageshome","status":"publish","type":"post","link":"https:\/\/www.fuldaernachrichten.de\/?p=111897","title":{"rendered":"Lobpreiskonzert in der Klosterkirche zur Er\u00f6ffnung des Weltjugendtages@home"},"content":{"rendered":"<p><img decoding=\"async\" class=\"alignleft size-thumbnail wp-image-111900\" alt=\"Lobpreiskonzert9\" src=\"http:\/\/www.fuldaer-nachrichten.de\/wp-content\/uploads\/2013\/07\/Lobpreiskonzert9-265x176.jpg\" width=\"265\" height=\"176\" srcset=\"https:\/\/www.fuldaernachrichten.de\/wp-content\/uploads\/2013\/07\/Lobpreiskonzert9-265x176.jpg 265w, https:\/\/www.fuldaernachrichten.de\/wp-content\/uploads\/2013\/07\/Lobpreiskonzert9.jpg 592w\" sizes=\"(max-width: 265px) 100vw, 265px\" \/>H\u00fcnfeld. Am Freitag, 26. Juli, begann der Weltjugendtag@home mit einem atmosph\u00e4rischen Lobpreiskonzert in der H\u00fcnfelder Klosterkirche. Die Teilnehmenden Jugendlichen und zahlreiche Menschen aus der Region kamen, um den Weltjugendtag ins Bistum Fulda zu holen. Die eigens zu diesem Konzert zusammengefundene Lobpreisband aus Jugendlichen und Erwachsenen aus Rasdorf, Seiferts, Marbach und Batten spielte Weltjugendtagslieder und andere \u2013 meist englische \u2013 Worship-Songs. Es gab ein Impuls \u00fcber Thema des Weltjugendtages \u00c2\u00bbGeht und macht alle Menschen zu J\u00fcngern\u00c2\u00ab. An das Konzert schloss sich ein sch\u00f6nes Beisammensein bei Klosterbratwurst und Lagerfeuer.<\/p>\n<p><img decoding=\"async\" class=\"alignleft size-thumbnail wp-image-111898\" alt=\"Lobpreiskonzert6\" src=\"http:\/\/www.fuldaer-nachrichten.de\/wp-content\/uploads\/2013\/07\/Lobpreiskonzert6-265x176.jpg\" width=\"265\" height=\"176\" srcset=\"https:\/\/www.fuldaernachrichten.de\/wp-content\/uploads\/2013\/07\/Lobpreiskonzert6-265x176.jpg 265w, https:\/\/www.fuldaernachrichten.de\/wp-content\/uploads\/2013\/07\/Lobpreiskonzert6.jpg 592w\" sizes=\"(max-width: 265px) 100vw, 265px\" \/> <img decoding=\"async\" class=\"alignleft size-thumbnail wp-image-111901\" alt=\"Lobpreiskonzert10\" src=\"http:\/\/www.fuldaer-nachrichten.de\/wp-content\/uploads\/2013\/07\/Lobpreiskonzert10-265x176.jpg\" width=\"265\" height=\"176\" srcset=\"https:\/\/www.fuldaernachrichten.de\/wp-content\/uploads\/2013\/07\/Lobpreiskonzert10-265x176.jpg 265w, https:\/\/www.fuldaernachrichten.de\/wp-content\/uploads\/2013\/07\/Lobpreiskonzert10.jpg 592w\" sizes=\"(max-width: 265px) 100vw, 265px\" \/><\/p>\n","protected":false},"excerpt":{"rendered":"<div class=\"tmnf_excerpt\"><p>H\u00fcnfeld. Am Freitag, 26. Juli, begann der Weltjugendtag@home mit einem atmosph\u00e4rischen Lobpreiskonzert in der H\u00fcnfelder Klosterkirche. Die Teilnehmenden Jugendlichen und zahlreiche Menschen aus der Region kamen, um den Weltjugendtag ins Bistum Fulda zu holen. Die eigens zu diesem Konzert zusammengefundene Lobpreisband aus Jugendlichen und Erwachsenen aus Rasdorf, Seiferts, Marbach und Batten spielte Weltjugendtagslieder und andere &hellip;<\/p>\n<\/div>","protected":false},"author":1,"featured_media":0,"comment_status":"closed","ping_status":"closed","sticky":false,"template":"","format":"standard","meta":{"footnotes":""},"categories":[1,50],"tags":[],"class_list":["post-111897","post","type-post","status-publish","format-standard","hentry","category-startseite","category-kirche"],"_links":{"self":[{"href":"https:\/\/www.fuldaernachrichten.de\/index.php?rest_route=\/wp\/v2\/posts\/111897","targetHints":{"allow":["GET"]}}],"collection":[{"href":"https:\/\/www.fuldaernachrichten.de\/index.php?rest_route=\/wp\/v2\/posts"}],"about":[{"href":"https:\/\/www.fuldaernachrichten.de\/index.php?rest_route=\/wp\/v2\/types\/post"}],"author":[{"embeddable":true,"href":"https:\/\/www.fuldaernachrichten.de\/index.php?rest_route=\/wp\/v2\/users\/1"}],"replies":[{"embeddable":true,"href":"https:\/\/www.fuldaernachrichten.de\/index.php?rest_route=%2Fwp%2Fv2%2Fcomments&post=111897"}],"version-history":[{"count":1,"href":"https:\/\/www.fuldaernachrichten.de\/index.php?rest_route=\/wp\/v2\/posts\/111897\/revisions"}],"predecessor-version":[{"id":111902,"href":"https:\/\/www.fuldaernachrichten.de\/index.php?rest_route=\/wp\/v2\/posts\/111897\/revisions\/111902"}],"wp:attachment":[{"href":"https:\/\/www.fuldaernachrichten.de\/index.php?rest_route=%2Fwp%2Fv2%2Fmedia&parent=111897"}],"wp:term":[{"taxonomy":"category","embeddable":true,"href":"https:\/\/www.fuldaernachrichten.de\/index.php?rest_route=%2Fwp%2Fv2%2Fcategories&post=111897"},{"taxonomy":"post_tag","embeddable":true,"href":"https:\/\/www.fuldaernachrichten.de\/index.php?rest_route=%2Fwp%2Fv2%2Ftags&post=111897"}],"curies":[{"name":"wp","href":"https:\/\/api.w.org\/{rel}","templated":true}]}}