{"id":111882,"date":"2013-07-27T01:26:19","date_gmt":"2013-07-27T01:26:19","guid":{"rendered":"http:\/\/www.fuldaer-nachrichten.de\/?p=111882"},"modified":"2013-07-26T23:36:28","modified_gmt":"2013-07-26T23:36:28","slug":"hygiene-mit-kalk-und-zeitungspapier-die-biotonne-im-sommer","status":"publish","type":"post","link":"https:\/\/www.fuldaernachrichten.de\/?p=111882","title":{"rendered":"Hygiene mit Kalk und Zeitungspapier &#8211;  Die Biotonne im Sommer"},"content":{"rendered":"<p>Fulda. Vielerlei Biotonnennutzer haben im Sommer Probleme mit den Beh\u00e4ltern. Grund hierf\u00fcr ist der durch die Hitze beschleunigte Umsetzungsprozess des Bioabfalls. Mit einigen Vorkehrungen k\u00f6nnen unangenehme Begleiterscheinungen, wie \u00fcble Ger\u00fcche und Ungeziefer vermieden werden:<!--more--><\/p>\n<p>\u00e2\u20ac\u00a2 Erw\u00e4rmung vermindern: die Biotonne sollte m\u00f6glichst im Schatten stehen.<br \/>\n\u00e2\u20ac\u00a2 Abfallfeuchte verringern: das wird erreicht, indem K\u00fcchenabf\u00e4lle in Zeitungspapier eingewickelt werden.<br \/>\n\u00e2\u20ac\u00a2 Feuchtigkeit in der Biotonne reduzieren: dazu den Boden der Tonne mit gekn\u00fclltem Zeitungspapier oder Strauchschnitt auslegen und solche \u201eSaugschichten\u201c auch zwischen die Abf\u00e4lle schichten.<br \/>\n\u00e2\u20ac\u00a2 Lockere Tonnenbef\u00fcllung: organische Abf\u00e4lle in der Tonne niemals verdichten! Dadurch wird die Feuchtigkeit ausgepresst und verhindert, dass Luft an die Bioabf\u00e4lle gelangt.<br \/>\n\u00e2\u20ac\u00a2 In der K\u00fcche: Empfehlenswert ist, den Bioabfall unter Verschluss zu halten, damit Insekten keinen Zugang haben. Das Sammelgef\u00e4\u00df sollte t\u00e4glich, sp\u00e4testens alle zwei Tage in die Biotonne entleert und danach ausgesp\u00fclt werden.<br \/>\n\u00e2\u20ac\u00a2 Im Garten: Empfehlenswert ist, Gras- und Heckenschnitt vor dem Einf\u00fcllen in die Biotonne in der Sonne anwelken zu lassen. Feuchtes Gr\u00fcnmaterial neigt sehr stark zur Geruchsbildung. Durch das Anwelken verringert sich zudem das Volumen, die Biotonne kann also besser ausgenutzt werden.<br \/>\n\u00e2\u20ac\u00a2 Hilfsmittel: falls sich Ungeziefer wie Fliegen oder Maden bereits in der Biotonne breit gemacht haben, hilft die Zugabe von Kalk, der in Bau- und Gartenm\u00e4rkten erh\u00e4ltlich ist. Er kann auch vorbeugend \u00fcber eingef\u00fcllte Schichten Bioabfalls gestreut werden.<br \/>\n\u00e2\u20ac\u00a2 Reinigung: bei stark anhaftenden Abf\u00e4llen kann es sinnvoll sein die Biotonne nach der Leerung mit dem Gartenschlauch auszuspritzen und danach bis zur vollst\u00e4ndigen Trocknung umzukippen.<\/p>\n<p>F\u00fcr die Beantwortung Ihrer Fragen steht das st\u00e4dtische Umwelttelefon (102-1777) zur Verf\u00fcgung.<\/p>\n","protected":false},"excerpt":{"rendered":"<div class=\"tmnf_excerpt\"><p>Fulda. Vielerlei Biotonnennutzer haben im Sommer Probleme mit den Beh\u00e4ltern. Grund hierf\u00fcr ist der durch die Hitze beschleunigte Umsetzungsprozess des Bioabfalls. Mit einigen Vorkehrungen k\u00f6nnen unangenehme Begleiterscheinungen, wie \u00fcble Ger\u00fcche und Ungeziefer vermieden werden:<\/p>\n<\/div>","protected":false},"author":1,"featured_media":0,"comment_status":"closed","ping_status":"closed","sticky":false,"template":"","format":"standard","meta":{"footnotes":""},"categories":[1],"tags":[],"class_list":["post-111882","post","type-post","status-publish","format-standard","hentry","category-startseite"],"_links":{"self":[{"href":"https:\/\/www.fuldaernachrichten.de\/index.php?rest_route=\/wp\/v2\/posts\/111882","targetHints":{"allow":["GET"]}}],"collection":[{"href":"https:\/\/www.fuldaernachrichten.de\/index.php?rest_route=\/wp\/v2\/posts"}],"about":[{"href":"https:\/\/www.fuldaernachrichten.de\/index.php?rest_route=\/wp\/v2\/types\/post"}],"author":[{"embeddable":true,"href":"https:\/\/www.fuldaernachrichten.de\/index.php?rest_route=\/wp\/v2\/users\/1"}],"replies":[{"embeddable":true,"href":"https:\/\/www.fuldaernachrichten.de\/index.php?rest_route=%2Fwp%2Fv2%2Fcomments&post=111882"}],"version-history":[{"count":2,"href":"https:\/\/www.fuldaernachrichten.de\/index.php?rest_route=\/wp\/v2\/posts\/111882\/revisions"}],"predecessor-version":[{"id":111892,"href":"https:\/\/www.fuldaernachrichten.de\/index.php?rest_route=\/wp\/v2\/posts\/111882\/revisions\/111892"}],"wp:attachment":[{"href":"https:\/\/www.fuldaernachrichten.de\/index.php?rest_route=%2Fwp%2Fv2%2Fmedia&parent=111882"}],"wp:term":[{"taxonomy":"category","embeddable":true,"href":"https:\/\/www.fuldaernachrichten.de\/index.php?rest_route=%2Fwp%2Fv2%2Fcategories&post=111882"},{"taxonomy":"post_tag","embeddable":true,"href":"https:\/\/www.fuldaernachrichten.de\/index.php?rest_route=%2Fwp%2Fv2%2Ftags&post=111882"}],"curies":[{"name":"wp","href":"https:\/\/api.w.org\/{rel}","templated":true}]}}