{"id":111825,"date":"2013-07-26T23:07:03","date_gmt":"2013-07-26T23:07:03","guid":{"rendered":"http:\/\/www.fuldaer-nachrichten.de\/?p=111825"},"modified":"2013-07-26T23:07:03","modified_gmt":"2013-07-26T23:07:03","slug":"ausstellung-budingen-eine-stadt-viele-ansichten","status":"publish","type":"post","link":"https:\/\/www.fuldaernachrichten.de\/?p=111825","title":{"rendered":"Ausstellung B\u00fcdingen &#8211; eine Stadt, viele Ansichten"},"content":{"rendered":"<p>B\u00fcdingen. Aus dem reichhaltigen Fundus des B\u00fcdinger Geschichtsvereins wird die neue Sonderausstellung &#8220;Eine Stadt, viele Ansichten &#8211; Die Stadt B\u00fcdingen gezeichnet, gemalt und fotografiert&#8221; pr\u00e4sentiert.<!--more--><\/p>\n<p>Die \u00e4ltesten Ansichten von B\u00fcdingen sind die Kupferstiche von Frans Braun-Hogenberg von 1617 und Matth\u00e4us Merian um 1645. Im Laufe der Jahrhunderte haben zahlreiche B\u00fcdinger B\u00fcrger Gassen, Pl\u00e4tze, Kirchen, die Festungsmauern und das Schloss aus verschiedenen Blickwinkeln gemalt und fotografiert. Der bekannteste unter ihnen ist Victor Melior, aber auch Hans Volk, Jakob Kolb, Ernst B\u00e4ppler und viele andere haben mit jeweils ganz pers\u00f6nlichem Blick Eindr\u00fccke der Stadt im Bild festgehalten. Mit der Erfindung der Fotografie kamen weitere Bilder dazu. Viele heute nicht mehr vorhandene Gegebenheiten hat zum Beispiel Dr. Bernhard Lade Anfang der 30er Jahre des vergangenen Jahrhunderts dokumentiert.<\/p>\n<p>Die Ausstellung ist vom 17. August \u2013 27. November in der Kaufhalle des Historischen Rathauses zu sehen.<\/p>\n","protected":false},"excerpt":{"rendered":"<div class=\"tmnf_excerpt\"><p>B\u00fcdingen. Aus dem reichhaltigen Fundus des B\u00fcdinger Geschichtsvereins wird die neue Sonderausstellung &#8220;Eine Stadt, viele Ansichten &#8211; Die Stadt B\u00fcdingen gezeichnet, gemalt und fotografiert&#8221; pr\u00e4sentiert.<\/p>\n<\/div>","protected":false},"author":1,"featured_media":0,"comment_status":"closed","ping_status":"closed","sticky":false,"template":"","format":"standard","meta":{"footnotes":""},"categories":[1],"tags":[],"class_list":["post-111825","post","type-post","status-publish","format-standard","hentry","category-startseite"],"_links":{"self":[{"href":"https:\/\/www.fuldaernachrichten.de\/index.php?rest_route=\/wp\/v2\/posts\/111825","targetHints":{"allow":["GET"]}}],"collection":[{"href":"https:\/\/www.fuldaernachrichten.de\/index.php?rest_route=\/wp\/v2\/posts"}],"about":[{"href":"https:\/\/www.fuldaernachrichten.de\/index.php?rest_route=\/wp\/v2\/types\/post"}],"author":[{"embeddable":true,"href":"https:\/\/www.fuldaernachrichten.de\/index.php?rest_route=\/wp\/v2\/users\/1"}],"replies":[{"embeddable":true,"href":"https:\/\/www.fuldaernachrichten.de\/index.php?rest_route=%2Fwp%2Fv2%2Fcomments&post=111825"}],"version-history":[{"count":1,"href":"https:\/\/www.fuldaernachrichten.de\/index.php?rest_route=\/wp\/v2\/posts\/111825\/revisions"}],"predecessor-version":[{"id":111826,"href":"https:\/\/www.fuldaernachrichten.de\/index.php?rest_route=\/wp\/v2\/posts\/111825\/revisions\/111826"}],"wp:attachment":[{"href":"https:\/\/www.fuldaernachrichten.de\/index.php?rest_route=%2Fwp%2Fv2%2Fmedia&parent=111825"}],"wp:term":[{"taxonomy":"category","embeddable":true,"href":"https:\/\/www.fuldaernachrichten.de\/index.php?rest_route=%2Fwp%2Fv2%2Fcategories&post=111825"},{"taxonomy":"post_tag","embeddable":true,"href":"https:\/\/www.fuldaernachrichten.de\/index.php?rest_route=%2Fwp%2Fv2%2Ftags&post=111825"}],"curies":[{"name":"wp","href":"https:\/\/api.w.org\/{rel}","templated":true}]}}