{"id":111807,"date":"2013-07-26T08:31:15","date_gmt":"2013-07-26T08:31:15","guid":{"rendered":"http:\/\/www.fuldaer-nachrichten.de\/?p=111807"},"modified":"2013-07-26T08:31:15","modified_gmt":"2013-07-26T08:31:15","slug":"als-anerkennung-eine-radtour","status":"publish","type":"post","link":"https:\/\/www.fuldaernachrichten.de\/?p=111807","title":{"rendered":"Als Anerkennung eine Radtour"},"content":{"rendered":"<p><img fetchpriority=\"high\" decoding=\"async\" class=\"alignleft size-thumbnail wp-image-111808\" alt=\"130726_Radtour\" src=\"http:\/\/www.fuldaer-nachrichten.de\/wp-content\/uploads\/2013\/07\/130726_Radtour-265x192.jpg\" width=\"265\" height=\"192\" srcset=\"https:\/\/www.fuldaernachrichten.de\/wp-content\/uploads\/2013\/07\/130726_Radtour-265x192.jpg 265w, https:\/\/www.fuldaernachrichten.de\/wp-content\/uploads\/2013\/07\/130726_Radtour.jpg 453w\" sizes=\"(max-width: 265px) 100vw, 265px\" \/>Fulda. Der F\u00f6rderverein der Telefonseelsorge Fulda hatte einen Wettbewerb f\u00fcr Grundsch\u00fcler angeboten, die Bilder \u00fcber den B\u00fccherbasar zu Gunsten der Telefonseelsorge Fulda malen konnten. Die Klasse 4a hatte sich sehr erfolgreich daran beteiligt. Als Anerkennung wurde die die Abschlussfahrt der 4a mit den Fahrr\u00e4dern auf dem Milseburg-Radweg durch den\u00c2\u00a0 F\u00f6rderverein begleitet und f\u00fcr das leibliche Wohl der Kinder gesorgt.<!--more--><\/p>\n<p>17 Fahrr\u00e4der mussten in der letzten Schulwoche mit Beginn des Unterrichts verladen und zum Startpunkt der Tour nach Langenbieber gebracht werden. Die Kinder fuhren mit dem Linienbus zum Ausgangsort.<\/p>\n<p>Mit kurzen Pausen radelte die Gruppe bei wunderbarem Fahrradwetter bis hinter den Milseburgtunnel. Die Fahrt hin und zur\u00fcck durch die alte Tunnelr\u00f6hre war f\u00fcr die Kinder ein echtes Highlight.<\/p>\n<p>Auf dem R\u00fcckweg hatte der F\u00f6rderverein am Grillplatz in Elters ein Imbiss mit Grillw\u00fcrstchen, Getr\u00e4nken und Melonen vorbereitet. Nach einer l\u00e4ngeren Rast mit Essen und Spielen ging dann die Fahrt mit angenehmen Gef\u00e4lle zur\u00fcck nach Langenbieber. Dort gab es zum Nachtisch noch f\u00fcr jedes Kind ein Eis und eine ausgiebige Zeit zum Spielen.<\/p>\n<p>Die R\u00fcckfahrt erfolgte am sp\u00e4ten Nachmittag mit dem Bus. Die R\u00e4der wurden durch den F\u00f6rderverein zur Schule zur\u00fcckgefahren.<\/p>\n<p>Die Kinder bedankten sich sehr herzlich bei ihrer Klassenlehrerin Sabine Duffek und beim F\u00f6rderverein der TS Fulda f\u00fcr die rundum gelungene Abschlussfahrt zum Ende ihrer Schulzeit an der Adolf-von-Dalberg-Schule.<\/p>\n<p>&nbsp;<\/p>\n","protected":false},"excerpt":{"rendered":"<div class=\"tmnf_excerpt\"><p>Fulda. Der F\u00f6rderverein der Telefonseelsorge Fulda hatte einen Wettbewerb f\u00fcr Grundsch\u00fcler angeboten, die Bilder \u00fcber den B\u00fccherbasar zu Gunsten der Telefonseelsorge Fulda malen konnten. Die Klasse 4a hatte sich sehr erfolgreich daran beteiligt. Als Anerkennung wurde die die Abschlussfahrt der 4a mit den Fahrr\u00e4dern auf dem Milseburg-Radweg durch den\u00c2\u00a0 F\u00f6rderverein begleitet und f\u00fcr das leibliche &hellip;<\/p>\n<\/div>","protected":false},"author":1,"featured_media":0,"comment_status":"closed","ping_status":"closed","sticky":false,"template":"","format":"standard","meta":{"footnotes":""},"categories":[1,53],"tags":[],"class_list":["post-111807","post","type-post","status-publish","format-standard","hentry","category-startseite","category-bildung"],"_links":{"self":[{"href":"https:\/\/www.fuldaernachrichten.de\/index.php?rest_route=\/wp\/v2\/posts\/111807","targetHints":{"allow":["GET"]}}],"collection":[{"href":"https:\/\/www.fuldaernachrichten.de\/index.php?rest_route=\/wp\/v2\/posts"}],"about":[{"href":"https:\/\/www.fuldaernachrichten.de\/index.php?rest_route=\/wp\/v2\/types\/post"}],"author":[{"embeddable":true,"href":"https:\/\/www.fuldaernachrichten.de\/index.php?rest_route=\/wp\/v2\/users\/1"}],"replies":[{"embeddable":true,"href":"https:\/\/www.fuldaernachrichten.de\/index.php?rest_route=%2Fwp%2Fv2%2Fcomments&post=111807"}],"version-history":[{"count":1,"href":"https:\/\/www.fuldaernachrichten.de\/index.php?rest_route=\/wp\/v2\/posts\/111807\/revisions"}],"predecessor-version":[{"id":111809,"href":"https:\/\/www.fuldaernachrichten.de\/index.php?rest_route=\/wp\/v2\/posts\/111807\/revisions\/111809"}],"wp:attachment":[{"href":"https:\/\/www.fuldaernachrichten.de\/index.php?rest_route=%2Fwp%2Fv2%2Fmedia&parent=111807"}],"wp:term":[{"taxonomy":"category","embeddable":true,"href":"https:\/\/www.fuldaernachrichten.de\/index.php?rest_route=%2Fwp%2Fv2%2Fcategories&post=111807"},{"taxonomy":"post_tag","embeddable":true,"href":"https:\/\/www.fuldaernachrichten.de\/index.php?rest_route=%2Fwp%2Fv2%2Ftags&post=111807"}],"curies":[{"name":"wp","href":"https:\/\/api.w.org\/{rel}","templated":true}]}}