{"id":111801,"date":"2013-07-26T00:23:15","date_gmt":"2013-07-26T00:23:15","guid":{"rendered":"http:\/\/www.fuldaer-nachrichten.de\/?p=111801"},"modified":"2013-07-26T08:26:30","modified_gmt":"2013-07-26T08:26:30","slug":"gluckskatzen-die-ihr-gluck-noch-suchen","status":"publish","type":"post","link":"https:\/\/www.fuldaernachrichten.de\/?p=111801","title":{"rendered":"Gl\u00fcckskatzen, die ihr Gl\u00fcck noch suchen"},"content":{"rendered":"<p>H\u00fcnfeld. Der Verein Verantwortung Leben e. V. \u2013 Verein zum Schutz des Tieres und der Sensibilisierung von Menschen im Umgang mit dem Tier \u2013 hat neben den hier abgebildeten Katzen viele weitere, sch\u00f6ne Abgabetiere die dringend ein eigenes Zuhause haben m\u00f6chten. N\u00e4here Informationen erhalten Sie unter der Vereinshotline 0173\/6543210 oder auch im Internet unter <a href=\"http:\/\/www.verantwortung-leben.de\/\">www.verantwortung-leben.de<\/a> und <a href=\"http:\/\/www.facebook.com\/verantwortungleben\">www.facebook.com\/verantwortungleben<!--more--><\/a><\/p>\n<p><b>Peggy<\/b><\/p>\n<p><img fetchpriority=\"high\" decoding=\"async\" class=\"alignleft size-thumbnail wp-image-111804\" alt=\"Peggy\" src=\"http:\/\/www.fuldaer-nachrichten.de\/wp-content\/uploads\/2013\/07\/Peggy-265x352.jpg\" width=\"265\" height=\"352\" srcset=\"https:\/\/www.fuldaernachrichten.de\/wp-content\/uploads\/2013\/07\/Peggy-265x352.jpg 265w, https:\/\/www.fuldaernachrichten.de\/wp-content\/uploads\/2013\/07\/Peggy-450x600.jpg 450w, https:\/\/www.fuldaernachrichten.de\/wp-content\/uploads\/2013\/07\/Peggy.jpg 600w\" sizes=\"(max-width: 265px) 100vw, 265px\" \/>Diese wundersch\u00f6n gezeichnete Katzendame namens Peggy ist 2 Jahre jung. Peggy ist bereits kastriert, gechipt und geimpft. Sie mag andere Katzen und ist sehr verschmust. Man wei\u00df nicht wie sie vorher lebte, doch laut den Vereinsmitgliedern von Verantwortung Leben e. V. w\u00fcrde sich jede Katze \u00fcber Freigang sehr freuen.<\/p>\n<p><b>Lissy<\/b><\/p>\n<p>Diese h\u00fcbsche Katzendame soll gemeinsam mit ihrer Tochter vermittelt werden Die Tochter ist silber-wei\u00df und sehr vorsichtig im Umgang mit den Menschen. Lissy ist sehr verschmust, lieb und freut sich \u00fcber jeden Kontakt. Es w\u00e4re sch\u00f6n wenn jemanden gefunden w\u00fcrden der beiden ein liebes Zuhause schenken m\u00f6chte. Nat\u00fcrlich sind sie kastriert und geimpft.<\/p>\n<p><img decoding=\"async\" class=\"alignleft size-thumbnail wp-image-111802\" alt=\"Fenja\" src=\"http:\/\/www.fuldaer-nachrichten.de\/wp-content\/uploads\/2013\/07\/Fenja-265x353.jpg\" width=\"265\" height=\"353\" srcset=\"https:\/\/www.fuldaernachrichten.de\/wp-content\/uploads\/2013\/07\/Fenja-265x353.jpg 265w, https:\/\/www.fuldaernachrichten.de\/wp-content\/uploads\/2013\/07\/Fenja-198x265.jpg 198w, https:\/\/www.fuldaernachrichten.de\/wp-content\/uploads\/2013\/07\/Fenja-450x600.jpg 450w, https:\/\/www.fuldaernachrichten.de\/wp-content\/uploads\/2013\/07\/Fenja.jpg 480w\" sizes=\"(max-width: 265px) 100vw, 265px\" \/> <img decoding=\"async\" class=\"alignnone size-thumbnail wp-image-111803\" alt=\"Lissy\" src=\"http:\/\/www.fuldaer-nachrichten.de\/wp-content\/uploads\/2013\/07\/Lissy-265x353.jpg\" width=\"265\" height=\"353\" srcset=\"https:\/\/www.fuldaernachrichten.de\/wp-content\/uploads\/2013\/07\/Lissy-265x353.jpg 265w, https:\/\/www.fuldaernachrichten.de\/wp-content\/uploads\/2013\/07\/Lissy-198x265.jpg 198w, https:\/\/www.fuldaernachrichten.de\/wp-content\/uploads\/2013\/07\/Lissy-450x600.jpg 450w, https:\/\/www.fuldaernachrichten.de\/wp-content\/uploads\/2013\/07\/Lissy.jpg 480w\" sizes=\"(max-width: 265px) 100vw, 265px\" \/><\/p>\n<p><strong>Fenja<\/strong><\/p>\n<p>Diese kleine, s\u00fc\u00dfe Katze verlor ihr Auge, da der Katzenschnupfen nicht behandelt wurde. Fenja kommt sehr gut zurecht, sollte aber gern als Wohnungskatzen gehalten werden. Sie w\u00e4re gern die alleinige Prinzessin evtl. mit einer zweiten Katze, doch mehr Tiere sollten nicht im Haushalt sein. Fenja ist bereits sterilisiert, geimpft und gechipt. Sie ist eine liebe, verschmuste K\u00e4tzin im Alter von 1 Jahr.<\/p>\n<p>&nbsp;<\/p>\n<p>&nbsp;<\/p>\n","protected":false},"excerpt":{"rendered":"<div class=\"tmnf_excerpt\"><p>H\u00fcnfeld. Der Verein Verantwortung Leben e. V. \u2013 Verein zum Schutz des Tieres und der Sensibilisierung von Menschen im Umgang mit dem Tier \u2013 hat neben den hier abgebildeten Katzen viele weitere, sch\u00f6ne Abgabetiere die dringend ein eigenes Zuhause haben m\u00f6chten. N\u00e4here Informationen erhalten Sie unter der Vereinshotline 0173\/6543210 oder auch im Internet unter www.verantwortung-leben.de &hellip;<\/p>\n<\/div>","protected":false},"author":1,"featured_media":0,"comment_status":"closed","ping_status":"closed","sticky":false,"template":"","format":"standard","meta":{"footnotes":""},"categories":[1],"tags":[],"class_list":["post-111801","post","type-post","status-publish","format-standard","hentry","category-startseite"],"_links":{"self":[{"href":"https:\/\/www.fuldaernachrichten.de\/index.php?rest_route=\/wp\/v2\/posts\/111801","targetHints":{"allow":["GET"]}}],"collection":[{"href":"https:\/\/www.fuldaernachrichten.de\/index.php?rest_route=\/wp\/v2\/posts"}],"about":[{"href":"https:\/\/www.fuldaernachrichten.de\/index.php?rest_route=\/wp\/v2\/types\/post"}],"author":[{"embeddable":true,"href":"https:\/\/www.fuldaernachrichten.de\/index.php?rest_route=\/wp\/v2\/users\/1"}],"replies":[{"embeddable":true,"href":"https:\/\/www.fuldaernachrichten.de\/index.php?rest_route=%2Fwp%2Fv2%2Fcomments&post=111801"}],"version-history":[{"count":2,"href":"https:\/\/www.fuldaernachrichten.de\/index.php?rest_route=\/wp\/v2\/posts\/111801\/revisions"}],"predecessor-version":[{"id":111806,"href":"https:\/\/www.fuldaernachrichten.de\/index.php?rest_route=\/wp\/v2\/posts\/111801\/revisions\/111806"}],"wp:attachment":[{"href":"https:\/\/www.fuldaernachrichten.de\/index.php?rest_route=%2Fwp%2Fv2%2Fmedia&parent=111801"}],"wp:term":[{"taxonomy":"category","embeddable":true,"href":"https:\/\/www.fuldaernachrichten.de\/index.php?rest_route=%2Fwp%2Fv2%2Fcategories&post=111801"},{"taxonomy":"post_tag","embeddable":true,"href":"https:\/\/www.fuldaernachrichten.de\/index.php?rest_route=%2Fwp%2Fv2%2Ftags&post=111801"}],"curies":[{"name":"wp","href":"https:\/\/api.w.org\/{rel}","templated":true}]}}