{"id":111788,"date":"2013-07-26T08:03:17","date_gmt":"2013-07-26T08:03:17","guid":{"rendered":"http:\/\/www.fuldaer-nachrichten.de\/?p=111788"},"modified":"2013-07-26T08:03:17","modified_gmt":"2013-07-26T08:03:17","slug":"vize-fraktionschef-dr-heinrich-kolb-fdp-in-fulda","status":"publish","type":"post","link":"https:\/\/www.fuldaernachrichten.de\/?p=111788","title":{"rendered":"Vize-Fraktionschef Dr. Heinrich Kolb (FDP) in Fulda"},"content":{"rendered":"<p><img decoding=\"async\" class=\"alignleft size-thumbnail wp-image-111792\" alt=\"DSC_4071\" src=\"http:\/\/www.fuldaer-nachrichten.de\/wp-content\/uploads\/2013\/07\/DSC_4071-265x188.jpg\" width=\"265\" height=\"188\" srcset=\"https:\/\/www.fuldaernachrichten.de\/wp-content\/uploads\/2013\/07\/DSC_4071-265x188.jpg 265w, https:\/\/www.fuldaernachrichten.de\/wp-content\/uploads\/2013\/07\/DSC_4071.jpg 600w\" sizes=\"(max-width: 265px) 100vw, 265px\" \/>Fulda. Auf Einladung der Fuldaer Kreis-FDP und der Firma R\u00fcbsam Fachkr\u00e4fte sprach Dr. Heinrich Kolb (MdB), Vizechef der FDP Bundestagsfraktion und Verhandlungsf\u00fchrer im Bereich Arbeit, Soziales und Rente, \u00fcber die Zukunft des Arbeitsmarktes. Konkret ging es um die Zukunft der Zeitarbeit, Mindestl\u00f6hne, Fachkr\u00e4ftemangel und die Integration ausl\u00e4ndischer Arbeitnehmer.<!--more--><\/p>\n<p>Kolb erkl\u00e4rte vor den rund 80 G\u00e4sten, dass Deutschland in einer ausgezeichneten wirtschaftlichen Verfassung ist. \u201eNoch nie haben so viele Menschen in diesem Land eine sozialversicherungspflichtige Besch\u00e4ftigung gehabt, wie heute. Das ist auch ein Erfolg der Bundesregierung.\u201c, so Kolb. Vor allem im Vergleich zum europ\u00e4ischen Ausland zeigt sich die Ausnahmestellung Deutschlands. \u201eW\u00e4hrend in Griechenland, Spanien oder Frankreich Massenarbeitslosigkeit herrscht und die junge Generation keine Perspektive mehr sieht, steht Deutschland sehr gut da. Dieser Erfolg, um den man uns in Europa beneidet, ist kein Zufall, sondern das Ergebnis wichtiger Reformen am Arbeitsmarkt.\u201c, so Kolb weiter.<\/p>\n<p><img fetchpriority=\"high\" decoding=\"async\" class=\"alignleft size-thumbnail wp-image-111791\" alt=\"DSC_4007\" src=\"http:\/\/www.fuldaer-nachrichten.de\/wp-content\/uploads\/2013\/07\/DSC_4007-265x222.jpg\" width=\"265\" height=\"222\" srcset=\"https:\/\/www.fuldaernachrichten.de\/wp-content\/uploads\/2013\/07\/DSC_4007-265x222.jpg 265w, https:\/\/www.fuldaernachrichten.de\/wp-content\/uploads\/2013\/07\/DSC_4007.jpg 600w\" sizes=\"(max-width: 265px) 100vw, 265px\" \/> <img decoding=\"async\" class=\"alignleft size-thumbnail wp-image-111789\" alt=\"DSC_3989\" src=\"http:\/\/www.fuldaer-nachrichten.de\/wp-content\/uploads\/2013\/07\/DSC_3989-265x227.jpg\" width=\"265\" height=\"227\" srcset=\"https:\/\/www.fuldaernachrichten.de\/wp-content\/uploads\/2013\/07\/DSC_3989-265x227.jpg 265w, https:\/\/www.fuldaernachrichten.de\/wp-content\/uploads\/2013\/07\/DSC_3989.jpg 600w\" sizes=\"(max-width: 265px) 100vw, 265px\" \/><\/p>\n<p>Deutschland hat seine Hausaufgaben gemacht und schon vor Jahren wichtige Reformen umgesetzt. \u201eDiese Erfolge basieren auf einer Reihe von Ma\u00dfnahmen, vor allem auf mehr Flexibilit\u00e4t am Arbeitsmarkt. Deshalb ist und bleibt die Zeitarbeit ein sehr wichtiges Instrument, um flexibel auf Auftragsschwankungen reagieren zu k\u00f6nnen.\u201c, so Kolb.<\/p>\n<p>Erhard R\u00fcbsam, Inhaber der Firma R\u00fcbsam Fachkr\u00e4fte, stellte dar, dass er als Zeitarbeitsunternehmer einen Tarifvertrag mit der IG Metall hat und es einen Betriebsrat im Unternehmen gibt. \u201eDas Wichtigste was ich als Unternehmer habe sind meine Besch\u00e4ftigten und deshalb achte ich sehr genau darauf, dass sie gute und faire Bedingungen haben. \u201eWir bieten der Wirtschaft spezialisierte Fachkr\u00e4fte an, die im unternehmenseigenen Weiterbildungszentrum auf den neusten Stand geschult werden, und helfen Gro\u00dfauftr\u00e4ge oder Schwankungen abzufedern, die sonst nicht abgearbeitet werden k\u00f6nnten\u201c, so R\u00fcbsam. Besonders bem\u00fcht sich R\u00fcbsam \u00e4ltere Arbeitnehmer oder Facharbeiter aus Bereichen die nicht mehr gefragt sind eine Perspektive zu geben. Im Weiterbildungszentrum R\u00fcbsam werden die Besch\u00e4ftigten mit Schwerpunkt K\u00e4ltetechnik, Heizungs- und Anlagenbau und Elektriker punktgenau auf die Bed\u00fcrfnisse der Kunden geschult, um eine bestm\u00f6gliche Qualit\u00e4t sicherzustellen.<\/p>\n<p>Zur Mindestlohndebatte erkl\u00e4rte Kolb, dass schon heute 4 Millionen Besch\u00e4ftigte auf der Basis von regional- und branchenbezogene Lohnuntergrenzen arbeiten. \u201eDiese Mindestl\u00f6hne, von Tarifpartner und Experten ausgehandelt, reichen von 7 bis 14 Euro. Deshalb ist es falsch einen gesetzlichen deutschlandweiten Mindestlohn zu fordern, der in Frankfurt oder M\u00fcnchen zu gering und in der Uckermark vielleicht zu hoch w\u00e4re. Wir haben zielgenaue Lohnuntergrenzen die Missst\u00e4nde beseitigen, aber keine Arbeitspl\u00e4tz gef\u00e4hrden.\u201c, so Kolb.<\/p>\n<p><img loading=\"lazy\" decoding=\"async\" class=\"alignleft size-thumbnail wp-image-111790\" alt=\"DSC_4000\" src=\"http:\/\/www.fuldaer-nachrichten.de\/wp-content\/uploads\/2013\/07\/DSC_4000-265x156.jpg\" width=\"265\" height=\"156\" srcset=\"https:\/\/www.fuldaernachrichten.de\/wp-content\/uploads\/2013\/07\/DSC_4000-265x156.jpg 265w, https:\/\/www.fuldaernachrichten.de\/wp-content\/uploads\/2013\/07\/DSC_4000.jpg 600w\" sizes=\"(max-width: 265px) 100vw, 265px\" \/>J\u00fcrgen Lenders, Fuldaer Landtagsabgeordneter, ging auf das Thema Fachkr\u00e4ftemangel ein. \u201eIn den n\u00e4chsten f\u00fcnf Jahren werden \u00fcber 5 Millionen Erwerbst\u00e4tige aus dem Beruf ausscheiden und deutlich weniger j\u00fcngere kommen nach. Schon heute sp\u00fcren Firmen immer mehr Schwierigkeiten Stellen zu besetzen. Dieses Problem wird die wirtschaftliche Entwicklung gef\u00e4hrden, wenn wir nichts dagegen tun. Deshalb m\u00fcssen wir den Arbeitsmarkt f\u00fcr ausl\u00e4ndische Fachkr\u00e4fte \u00f6ffnen und mehr f\u00fcr Weiterbildung und Qualifikation der Einheimischen tun. Auch die Vereinbarkeit von Familie und Beruf ist ein wichtiger Baustein, um den Arbeitskr\u00e4ftebedarf sicherzustellen.\u201c, so Lenders abschlie\u00dfend.<\/p>\n","protected":false},"excerpt":{"rendered":"<div class=\"tmnf_excerpt\"><p>Fulda. Auf Einladung der Fuldaer Kreis-FDP und der Firma R\u00fcbsam Fachkr\u00e4fte sprach Dr. Heinrich Kolb (MdB), Vizechef der FDP Bundestagsfraktion und Verhandlungsf\u00fchrer im Bereich Arbeit, Soziales und Rente, \u00fcber die Zukunft des Arbeitsmarktes. Konkret ging es um die Zukunft der Zeitarbeit, Mindestl\u00f6hne, Fachkr\u00e4ftemangel und die Integration ausl\u00e4ndischer Arbeitnehmer.<\/p>\n<\/div>","protected":false},"author":1,"featured_media":0,"comment_status":"closed","ping_status":"closed","sticky":false,"template":"","format":"standard","meta":{"footnotes":""},"categories":[1,29],"tags":[],"class_list":["post-111788","post","type-post","status-publish","format-standard","hentry","category-startseite","category-politik"],"_links":{"self":[{"href":"https:\/\/www.fuldaernachrichten.de\/index.php?rest_route=\/wp\/v2\/posts\/111788","targetHints":{"allow":["GET"]}}],"collection":[{"href":"https:\/\/www.fuldaernachrichten.de\/index.php?rest_route=\/wp\/v2\/posts"}],"about":[{"href":"https:\/\/www.fuldaernachrichten.de\/index.php?rest_route=\/wp\/v2\/types\/post"}],"author":[{"embeddable":true,"href":"https:\/\/www.fuldaernachrichten.de\/index.php?rest_route=\/wp\/v2\/users\/1"}],"replies":[{"embeddable":true,"href":"https:\/\/www.fuldaernachrichten.de\/index.php?rest_route=%2Fwp%2Fv2%2Fcomments&post=111788"}],"version-history":[{"count":1,"href":"https:\/\/www.fuldaernachrichten.de\/index.php?rest_route=\/wp\/v2\/posts\/111788\/revisions"}],"predecessor-version":[{"id":111793,"href":"https:\/\/www.fuldaernachrichten.de\/index.php?rest_route=\/wp\/v2\/posts\/111788\/revisions\/111793"}],"wp:attachment":[{"href":"https:\/\/www.fuldaernachrichten.de\/index.php?rest_route=%2Fwp%2Fv2%2Fmedia&parent=111788"}],"wp:term":[{"taxonomy":"category","embeddable":true,"href":"https:\/\/www.fuldaernachrichten.de\/index.php?rest_route=%2Fwp%2Fv2%2Fcategories&post=111788"},{"taxonomy":"post_tag","embeddable":true,"href":"https:\/\/www.fuldaernachrichten.de\/index.php?rest_route=%2Fwp%2Fv2%2Ftags&post=111788"}],"curies":[{"name":"wp","href":"https:\/\/api.w.org\/{rel}","templated":true}]}}