{"id":111783,"date":"2013-07-26T07:58:24","date_gmt":"2013-07-26T07:58:24","guid":{"rendered":"http:\/\/www.fuldaer-nachrichten.de\/?p=111783"},"modified":"2013-07-26T07:58:24","modified_gmt":"2013-07-26T07:58:24","slug":"jahreshauptversammlung-der-spd-kalbach-ortsverein-und-mdl-waschke-ziehen-positive-bilanz","status":"publish","type":"post","link":"https:\/\/www.fuldaernachrichten.de\/?p=111783","title":{"rendered":"Jahreshauptversammlung der SPD Kalbach: Ortsverein und MdL Waschke ziehen positive Bilanz"},"content":{"rendered":"<p><img fetchpriority=\"high\" decoding=\"async\" class=\"alignleft size-thumbnail wp-image-111784\" alt=\"Portrait Manns Peter 2013\" src=\"http:\/\/www.fuldaer-nachrichten.de\/wp-content\/uploads\/2013\/07\/Portrait-Manns-Peter-2013-265x353.jpg\" width=\"265\" height=\"353\" srcset=\"https:\/\/www.fuldaernachrichten.de\/wp-content\/uploads\/2013\/07\/Portrait-Manns-Peter-2013-265x353.jpg 265w, https:\/\/www.fuldaernachrichten.de\/wp-content\/uploads\/2013\/07\/Portrait-Manns-Peter-2013-198x265.jpg 198w, https:\/\/www.fuldaernachrichten.de\/wp-content\/uploads\/2013\/07\/Portrait-Manns-Peter-2013-450x600.jpg 450w, https:\/\/www.fuldaernachrichten.de\/wp-content\/uploads\/2013\/07\/Portrait-Manns-Peter-2013.jpg 600w\" sizes=\"(max-width: 265px) 100vw, 265px\" \/>Kalbach. Mit intensiven inhaltlichen Diskussionen und der Neuwahl des Vorstandes mit Peter Manns (Foto) als neuen Vorsitzenden hat der SPD-Ortsverein Kalbach seine Jahreshauptversammlung absolviert. Auch Landtagsabgeordnete Sabine Waschke und Bundestagskandidatin Birgit K\u00f6mpel waren anwesend und lobten die Arbeit der Genossinnen und Genossen im S\u00fcden des Landkreises.<!--more--><\/p>\n<p>Als neuer Vorsitzender des Ortsvereins wurde Peter Manns dabei einstimmig gew\u00e4hlt. Sein Stellvertreter ist Gerhard M\u00fcller, Ewald Herbert \u00fcbernimmt weiterhin die Positionen des Kassierers und Daniel H\u00f6pfner wurde als Schriftf\u00fchrer im Amt best\u00e4tigt. Nach Abhandlung der Formalien berichtete Werner Stey, Stellvertretender Vorsitzender der SPD-Fraktion in der Kalbacher Gemeindevertretung, \u00fcber Inhaltliches aus der Fraktion, in der mehrere Erfolge f\u00fcr die Gemeinde erzielt wurden. Stey stellte hier unter anderem die Einf\u00fchrung einer gesplitteten Wasser- und Abwassergeb\u00fchr, das Ausweisen von Neubaugebieten und die Suche nach Fl\u00e4chen zur Nutzung von Windenergie heraus. Auch die Erneuerung der K77\/K79, die Verlegung von DSL-Kabeln und der Bau des Bioenergiedorfs in Heubach seien Vorteile f\u00fcr die Gemeinde, die ohne Mitwirken der SPD nicht erreicht worden w\u00e4ren.<\/p>\n<p>Im Anschluss zeigte sich Sabine Waschke sehr zufrieden mit dem Engagement im Ortsverein, das wieder einmal zeige, wie wichtig die Basisarbeit vor Ort in der Politik sei. &#8220;Das ist die Grundlage f\u00fcr alles, auch f\u00fcr unsere Arbeit im Landtag, und das funktioniert hier richtig gut.&#8221; Nicht anders sah dies Birgit K\u00f6mpel, die zudem noch einmal ihr Programm vorstellte, mit dem sie in den Bundestagswahlkampf ziehen m\u00f6chte &#8211; unter anderem standen Arbeitsmarkt, Familienpolitik und gerechte Steuern im Zentrum ihrer Ausf\u00fchrungen.<\/p>\n","protected":false},"excerpt":{"rendered":"<div class=\"tmnf_excerpt\"><p>Kalbach. Mit intensiven inhaltlichen Diskussionen und der Neuwahl des Vorstandes mit Peter Manns (Foto) als neuen Vorsitzenden hat der SPD-Ortsverein Kalbach seine Jahreshauptversammlung absolviert. Auch Landtagsabgeordnete Sabine Waschke und Bundestagskandidatin Birgit K\u00f6mpel waren anwesend und lobten die Arbeit der Genossinnen und Genossen im S\u00fcden des Landkreises.<\/p>\n<\/div>","protected":false},"author":1,"featured_media":0,"comment_status":"closed","ping_status":"closed","sticky":false,"template":"","format":"standard","meta":{"footnotes":""},"categories":[1,29],"tags":[],"class_list":["post-111783","post","type-post","status-publish","format-standard","hentry","category-startseite","category-politik"],"_links":{"self":[{"href":"https:\/\/www.fuldaernachrichten.de\/index.php?rest_route=\/wp\/v2\/posts\/111783","targetHints":{"allow":["GET"]}}],"collection":[{"href":"https:\/\/www.fuldaernachrichten.de\/index.php?rest_route=\/wp\/v2\/posts"}],"about":[{"href":"https:\/\/www.fuldaernachrichten.de\/index.php?rest_route=\/wp\/v2\/types\/post"}],"author":[{"embeddable":true,"href":"https:\/\/www.fuldaernachrichten.de\/index.php?rest_route=\/wp\/v2\/users\/1"}],"replies":[{"embeddable":true,"href":"https:\/\/www.fuldaernachrichten.de\/index.php?rest_route=%2Fwp%2Fv2%2Fcomments&post=111783"}],"version-history":[{"count":1,"href":"https:\/\/www.fuldaernachrichten.de\/index.php?rest_route=\/wp\/v2\/posts\/111783\/revisions"}],"predecessor-version":[{"id":111785,"href":"https:\/\/www.fuldaernachrichten.de\/index.php?rest_route=\/wp\/v2\/posts\/111783\/revisions\/111785"}],"wp:attachment":[{"href":"https:\/\/www.fuldaernachrichten.de\/index.php?rest_route=%2Fwp%2Fv2%2Fmedia&parent=111783"}],"wp:term":[{"taxonomy":"category","embeddable":true,"href":"https:\/\/www.fuldaernachrichten.de\/index.php?rest_route=%2Fwp%2Fv2%2Fcategories&post=111783"},{"taxonomy":"post_tag","embeddable":true,"href":"https:\/\/www.fuldaernachrichten.de\/index.php?rest_route=%2Fwp%2Fv2%2Ftags&post=111783"}],"curies":[{"name":"wp","href":"https:\/\/api.w.org\/{rel}","templated":true}]}}