{"id":111573,"date":"2013-07-22T10:01:28","date_gmt":"2013-07-22T10:01:28","guid":{"rendered":"http:\/\/www.fuldaer-nachrichten.de\/?p=111573"},"modified":"2013-07-22T10:01:28","modified_gmt":"2013-07-22T10:01:28","slug":"jugendfeuerwehrzeltlager-wieder-der-jahreshohepunkt","status":"publish","type":"post","link":"https:\/\/www.fuldaernachrichten.de\/?p=111573","title":{"rendered":"Jugendfeuerwehrzeltlager wieder der Jahresh\u00f6hepunkt"},"content":{"rendered":"<p><img decoding=\"async\" class=\"alignleft size-thumbnail wp-image-111579\" alt=\"DSC_0591\" src=\"http:\/\/www.fuldaer-nachrichten.de\/wp-content\/uploads\/2013\/07\/DSC_0591-265x175.jpg\" width=\"265\" height=\"175\" srcset=\"https:\/\/www.fuldaernachrichten.de\/wp-content\/uploads\/2013\/07\/DSC_0591-265x175.jpg 265w, https:\/\/www.fuldaernachrichten.de\/wp-content\/uploads\/2013\/07\/DSC_0591.jpg 600w\" sizes=\"(max-width: 265px) 100vw, 265px\" \/>Ebersburg-Thalau. Die beiden Zeltlager der Kreisjugendfeuerwehr Fulda waren auch in diesem Jahr wieder ein absoluter H\u00f6hepunkt zum Beginn der Sommerferien. Die Jugendfeuerwehr Ebersburg &#8211; Thalau und die Kreisjugendfeuerwehr Fulda hatten wieder ein abwechslungsreiches Programm ausgearbeitet. Nach dem Aufbau am Donnerstagnachmittag fand die Besprechung aller Betreuer in der Mehrzweckhalle statt. Hier wurden noch mal alle Programmpunkte, Vorgehensweisen und Regeln f\u00fcr das Zeltlager besprochen. Hiernach folgte am Abend die offizielle Er\u00f6ffnung des Lagers zu dem Kreisjugendfeuerwehrwart Steffen Hohmann viele G\u00e4ste begr\u00fc\u00dfen konnte. Diese bestaunten das Zeltlager und best\u00e4tigten den Jugendfeuerwehrmitgliedern, dass sie bei der Feuerwehr die richtige Entscheidung f\u00fcr eine sinnvolle Freizeitbesch\u00e4ftigung getroffen haben. Nach der Er\u00f6ffnung fand noch eine Nachtwanderung rund um Thalau statt. <!--more--><\/p>\n<p>Die Jugendfeuerwehr Ebersburg &#8211; Thalau stellte hierf\u00fcr, Fackeln zur Verf\u00fcgung. Dieses Angebot wurde von vielen Jugendlichen genutzt, sodass ein kleiner Fackelzug entstand. Am Freitagvormittag stand eine Ritter \u2013 R\u00e4tseltour auf dem Programm, es galt einige Fragen zu beantworten, diese flossen dann in die Wertung f\u00fcr die Lagerolympiade ein. Hier hatten die M\u00e4dchen und Jungen eine ganze Menge Spa\u00df und konnten die sch\u00f6ne Gegend rund um den Ort bestaunen. Nachmittags hatten die jungen Brandsch\u00fctzer Zeit zur freien Verf\u00fcgung und konnten das Freibad in Dalherda oder Gersfeld besuchen, spielten Fu\u00dfball oder tobten sich am Volleyballnetz richtig aus. \u00c2\u00a0Am Samstagvormittag standen verschiedene Workshops im Bereich der Feuerwehr, aber auch allgemeine Aktionen, wie Reiten, Tauchen, Rettungsschwimmen, Technisches Hilfswerk (THW), Rettungshundestaffel und vieles mehr an.<\/p>\n<p><img decoding=\"async\" class=\"alignleft size-thumbnail wp-image-111582\" alt=\"DSC_0744\" src=\"http:\/\/www.fuldaer-nachrichten.de\/wp-content\/uploads\/2013\/07\/DSC_0744-265x175.jpg\" width=\"265\" height=\"175\" srcset=\"https:\/\/www.fuldaernachrichten.de\/wp-content\/uploads\/2013\/07\/DSC_0744-265x175.jpg 265w, https:\/\/www.fuldaernachrichten.de\/wp-content\/uploads\/2013\/07\/DSC_0744.jpg 600w\" sizes=\"(max-width: 265px) 100vw, 265px\" \/> <img decoding=\"async\" class=\"alignleft size-thumbnail wp-image-111578\" alt=\"DSC_0257\" src=\"http:\/\/www.fuldaer-nachrichten.de\/wp-content\/uploads\/2013\/07\/DSC_0257-265x175.jpg\" width=\"265\" height=\"175\" srcset=\"https:\/\/www.fuldaernachrichten.de\/wp-content\/uploads\/2013\/07\/DSC_0257-265x175.jpg 265w, https:\/\/www.fuldaernachrichten.de\/wp-content\/uploads\/2013\/07\/DSC_0257.jpg 600w\" sizes=\"(max-width: 265px) 100vw, 265px\" \/><\/p>\n<p>Die Jugendlichen konnten sich in die verschiedenen Themenbereiche einw\u00e4hlen, sodass gew\u00e4hrleistet war, dass jeder eine T\u00e4tigkeit mit seinen Interessen besuchen konnte.\u00c2\u00a0 In den feuerwehrtechnischen Workshops konnten die Jugendlichen einmal Ger\u00e4te benutzen, die zu Hause in der eigenen Feuerwehr nicht vorhanden sind oder erst in der Einsatzabteilung ausgebildet werden. Ein besonderes Highlight war der Pizzaofen am Samstagabend, hier gab es verschiedene Pizzen, die direkt vor Ort zubereitet und gebacken wurden. Zum Lagerleben geh\u00f6rte ebenfalls ein Gottesdienst und anschlie\u00dfend ging dann die Lagerolympiade weiter, die Jugendlichen mussten sich in verschiedenen Spielen, wie z.B. Sackh\u00fcpfen, K\u00f6rbe werfen oder Schubkarre fahren beweisen. Zwischen und nach den Spielen fand die traditionelle Lagerdisco mit DJ Felix statt. Die Lagerspiele bereiteten den Jugendlichen und ihren Betreuern viel Freude und Spannung. Den Sonntagmorgen f\u00fcllte der gemeinsame Lagerbrunch, zudem sich die Jugendlichen vor der Merzweckhalle versammelten.<\/p>\n<p>Der Malteser servierte den Lagerteilnehmern unter anderem Wurstplatten, K\u00e4seplatten, N\u00fcrnberger W\u00fcrstchen, Minifrikadellen, Nudelauflauf, verschiedene Brotaufstriche und vieles mehr. Nachdem sich alle satt gegessen hatten, stand die Reinigung des Zeltplatzes an, sowie die Beschlie\u00dfung des Zeltlagers. Kreisjugendfeuerwehrwart Steffen Hohmann \u00c2\u00a0dankte den Jugendlichen f\u00fcr ein sch\u00f6nes Zeltlager und w\u00fcnschte eine gute Heimreise und erholsame Sommerferien. Die Versorgung der Gruppen wurde durch einen Metzger und B\u00e4cker sichergestellt, der jeden Morgen und Abend das Zeltlager belieferte. Das Mittagessen kochte der Versorgungszug des Malteser Hilfsdienstes aus Petersberg &#8211; Steinhaus. Die Jugendlichen erlebten ein lehrreiches, spannendes, gemeinschaftliches und sonniges Zeltlager 2013. Ein ganz besonderer Dank geht an die Jugendfeuerwehr und Feuerwehr Ebersburg &#8211; Thalau f\u00fcr die Ausrichtung und gute Organisation des Zeltlagers.<\/p>\n<p><img loading=\"lazy\" decoding=\"async\" class=\"alignleft size-thumbnail wp-image-111580\" alt=\"DSC_0638\" src=\"http:\/\/www.fuldaer-nachrichten.de\/wp-content\/uploads\/2013\/07\/DSC_0638-265x175.jpg\" width=\"265\" height=\"175\" srcset=\"https:\/\/www.fuldaernachrichten.de\/wp-content\/uploads\/2013\/07\/DSC_0638-265x175.jpg 265w, https:\/\/www.fuldaernachrichten.de\/wp-content\/uploads\/2013\/07\/DSC_0638.jpg 600w\" sizes=\"(max-width: 265px) 100vw, 265px\" \/> <img loading=\"lazy\" decoding=\"async\" class=\"alignleft size-thumbnail wp-image-111577\" alt=\"DSC_0240\" src=\"http:\/\/www.fuldaer-nachrichten.de\/wp-content\/uploads\/2013\/07\/DSC_0240-265x175.jpg\" width=\"265\" height=\"175\" srcset=\"https:\/\/www.fuldaernachrichten.de\/wp-content\/uploads\/2013\/07\/DSC_0240-265x175.jpg 265w, https:\/\/www.fuldaernachrichten.de\/wp-content\/uploads\/2013\/07\/DSC_0240.jpg 600w\" sizes=\"(max-width: 265px) 100vw, 265px\" \/> <img loading=\"lazy\" decoding=\"async\" class=\"alignleft size-thumbnail wp-image-111576\" alt=\"DSC_0049\" src=\"http:\/\/www.fuldaer-nachrichten.de\/wp-content\/uploads\/2013\/07\/DSC_0049-265x175.jpg\" width=\"265\" height=\"175\" srcset=\"https:\/\/www.fuldaernachrichten.de\/wp-content\/uploads\/2013\/07\/DSC_0049-265x175.jpg 265w, https:\/\/www.fuldaernachrichten.de\/wp-content\/uploads\/2013\/07\/DSC_0049.jpg 600w\" sizes=\"(max-width: 265px) 100vw, 265px\" \/> <img loading=\"lazy\" decoding=\"async\" class=\"alignleft size-thumbnail wp-image-111575\" alt=\"DSC_0032\" src=\"http:\/\/www.fuldaer-nachrichten.de\/wp-content\/uploads\/2013\/07\/DSC_0032-265x175.jpg\" width=\"265\" height=\"175\" srcset=\"https:\/\/www.fuldaernachrichten.de\/wp-content\/uploads\/2013\/07\/DSC_0032-265x175.jpg 265w, https:\/\/www.fuldaernachrichten.de\/wp-content\/uploads\/2013\/07\/DSC_0032.jpg 600w\" sizes=\"(max-width: 265px) 100vw, 265px\" \/> <img loading=\"lazy\" decoding=\"async\" class=\"alignleft size-thumbnail wp-image-111574\" alt=\"DSC_0025\" src=\"http:\/\/www.fuldaer-nachrichten.de\/wp-content\/uploads\/2013\/07\/DSC_0025-265x175.jpg\" width=\"265\" height=\"175\" srcset=\"https:\/\/www.fuldaernachrichten.de\/wp-content\/uploads\/2013\/07\/DSC_0025-265x175.jpg 265w, https:\/\/www.fuldaernachrichten.de\/wp-content\/uploads\/2013\/07\/DSC_0025.jpg 600w\" sizes=\"(max-width: 265px) 100vw, 265px\" \/><\/p>\n","protected":false},"excerpt":{"rendered":"<div class=\"tmnf_excerpt\"><p>Ebersburg-Thalau. Die beiden Zeltlager der Kreisjugendfeuerwehr Fulda waren auch in diesem Jahr wieder ein absoluter H\u00f6hepunkt zum Beginn der Sommerferien. Die Jugendfeuerwehr Ebersburg &#8211; Thalau und die Kreisjugendfeuerwehr Fulda hatten wieder ein abwechslungsreiches Programm ausgearbeitet. Nach dem Aufbau am Donnerstagnachmittag fand die Besprechung aller Betreuer in der Mehrzweckhalle statt. Hier wurden noch mal alle Programmpunkte, &hellip;<\/p>\n<\/div>","protected":false},"author":1,"featured_media":0,"comment_status":"closed","ping_status":"closed","sticky":false,"template":"","format":"standard","meta":{"footnotes":""},"categories":[1,71],"tags":[],"class_list":["post-111573","post","type-post","status-publish","format-standard","hentry","category-startseite","category-feuerwehr"],"_links":{"self":[{"href":"https:\/\/www.fuldaernachrichten.de\/index.php?rest_route=\/wp\/v2\/posts\/111573","targetHints":{"allow":["GET"]}}],"collection":[{"href":"https:\/\/www.fuldaernachrichten.de\/index.php?rest_route=\/wp\/v2\/posts"}],"about":[{"href":"https:\/\/www.fuldaernachrichten.de\/index.php?rest_route=\/wp\/v2\/types\/post"}],"author":[{"embeddable":true,"href":"https:\/\/www.fuldaernachrichten.de\/index.php?rest_route=\/wp\/v2\/users\/1"}],"replies":[{"embeddable":true,"href":"https:\/\/www.fuldaernachrichten.de\/index.php?rest_route=%2Fwp%2Fv2%2Fcomments&post=111573"}],"version-history":[{"count":2,"href":"https:\/\/www.fuldaernachrichten.de\/index.php?rest_route=\/wp\/v2\/posts\/111573\/revisions"}],"predecessor-version":[{"id":111584,"href":"https:\/\/www.fuldaernachrichten.de\/index.php?rest_route=\/wp\/v2\/posts\/111573\/revisions\/111584"}],"wp:attachment":[{"href":"https:\/\/www.fuldaernachrichten.de\/index.php?rest_route=%2Fwp%2Fv2%2Fmedia&parent=111573"}],"wp:term":[{"taxonomy":"category","embeddable":true,"href":"https:\/\/www.fuldaernachrichten.de\/index.php?rest_route=%2Fwp%2Fv2%2Fcategories&post=111573"},{"taxonomy":"post_tag","embeddable":true,"href":"https:\/\/www.fuldaernachrichten.de\/index.php?rest_route=%2Fwp%2Fv2%2Ftags&post=111573"}],"curies":[{"name":"wp","href":"https:\/\/api.w.org\/{rel}","templated":true}]}}