{"id":110820,"date":"2013-07-04T00:20:28","date_gmt":"2013-07-04T00:20:28","guid":{"rendered":"http:\/\/www.fuldaer-nachrichten.de\/?p=110820"},"modified":"2013-07-04T08:26:31","modified_gmt":"2013-07-04T08:26:31","slug":"bundeswettbewerb-der-deutschen-jugendfeuerwehr-steinau-verteidigt-wanderpokal","status":"publish","type":"post","link":"https:\/\/www.fuldaernachrichten.de\/?p=110820","title":{"rendered":"Bundeswettbewerb der Deutschen Jugendfeuerwehr &#8211; Steinau verteidigt Wanderpokal"},"content":{"rendered":"<p><img fetchpriority=\"high\" decoding=\"async\" class=\"alignnone size-full wp-image-110831\" alt=\"DSC_0630\" src=\"http:\/\/www.fuldaer-nachrichten.de\/wp-content\/uploads\/2013\/07\/DSC_0630.jpg\" width=\"560\" height=\"364\" \/><\/p>\n<p>Tann. Der Bundeswettbewerb der Deutschen Jugendfeuerwehr wurde in diesem Jahr in Tann ausgetragen. Nach vielen Wochen \u00fcben und trainieren der Jugendlichen zwischen 10 und 18 Jahren war es dann am 29.06.2013 soweit und der Wettkampf stand vor der T\u00fcr. Hierzu gingen insgesamt 32 Mannschaften aus dem gesamten Landkreis Fulda an den Start. Ziel des Wettbewerbes soll es sein einen L\u00f6schangriff nach der Feuerwehrdienstvorschrift 3 aufzubauen und fehlerfrei, sowie in einer Gesamtzeit von max. 7 Minuten aufzubauen.<!--more--><\/p>\n<p>Es kommt vor allem auf den richtigen Ablauf der \u00dcbung, das gemeinschaftliche Handeln und korrekte \u00dcberwinden der Hindernisse an. Zum Abschluss der \u00dcbung galt es noch mehrere Feuerwehrknoten anzulegen. Alle Jugendlichen l\u00f6sten diese \u00dcbung mit Bravour. Die zweite Disziplin bestand darin einen 400 Meter Staffellauf zu absolvieren. Das Hauptaugenmerk liegt hierbei auf dem m\u00f6glichst schnellen durchf\u00fchren von Aufgaben mit feuerwehrtechnischem Ger\u00e4t. Es musste beispielsweise ein Schlauch gerollt oder eine Leine durch zwei Stangen geworfen werden.<\/p>\n<p>Bewertet wurden die \u00dcbungen durch Wertungsrichter der Kreisjugendfeuerwehr Fulda. \u00c2\u00a0Zu weiterf\u00fchrenden Wettbewerben konnten sich sowohl die M\u00e4dchenmannschaften als auch die beiden gemischten Mannschaften aus Petersberg &#8211; Steinau f\u00fcr den Landesentscheid der hessischen Jugendfeuerwehr qualifizieren. Um den Osthessencup d\u00fcrfen die Jugendlichen aus Flieden &#8211; Buchenrod, die Gruppe aus Ebersburg &#8211; Ried, die Mannschaft aus Flieden &#8211; R\u00fcckers, Flieden &#8211; Magdlos, sowie die M\u00e4dchenmannschaft aus H\u00fcnfeld \u2013 Malges k\u00e4mpfen. Der Osthessencup wird zwischen den Landkreisen Hersfeld &#8211; Rotenburg, Main- Kinzig, Vogelsberg und Fulda ausgetragen.<\/p>\n<p>W\u00e4hrend des ganzen Tages besuchten viele G\u00e4ste wie der 1. Kreisbeigeordnete Dr. Heiko Wingenfeld, die B\u00fcrgermeister Markus Meysner und sein Nachfolger Mario D\u00e4nner, der stellvertretende Kreisbrandinspektor Bernd Sch\u00e4del, Gemeindebrandinspektor Thomas J\u00f6rges sowie zahlreiche F\u00fchrungskr\u00e4fte aus dem Kreis Fulda die Veranstaltung. Alle waren \u00fcber den disziplinierten Ablauf des Wettbewerbs und \u00fcber den Kampfgeist der Jugendfeuerwehren sehr angetan. Viel Lob und Dank gab es auch f\u00fcr den Ausrichter der Veranstaltung, die Jugendfeuerwehr und Feuerwehr Tann, die alles sehr gut organisierte hatte.<\/p>\n<p><img decoding=\"async\" class=\"alignnone size-thumbnail wp-image-110830\" alt=\"DSC_0405\" src=\"http:\/\/www.fuldaer-nachrichten.de\/wp-content\/uploads\/2013\/07\/DSC_0405-265x176.jpg\" width=\"265\" height=\"176\" srcset=\"https:\/\/www.fuldaernachrichten.de\/wp-content\/uploads\/2013\/07\/DSC_0405-265x176.jpg 265w, https:\/\/www.fuldaernachrichten.de\/wp-content\/uploads\/2013\/07\/DSC_0405.jpg 592w\" sizes=\"(max-width: 265px) 100vw, 265px\" \/> <img decoding=\"async\" class=\"alignnone size-thumbnail wp-image-110829\" alt=\"DSC_0338\" src=\"http:\/\/www.fuldaer-nachrichten.de\/wp-content\/uploads\/2013\/07\/DSC_0338-265x176.jpg\" width=\"265\" height=\"176\" srcset=\"https:\/\/www.fuldaernachrichten.de\/wp-content\/uploads\/2013\/07\/DSC_0338-265x176.jpg 265w, https:\/\/www.fuldaernachrichten.de\/wp-content\/uploads\/2013\/07\/DSC_0338.jpg 592w\" sizes=\"(max-width: 265px) 100vw, 265px\" \/> <img loading=\"lazy\" decoding=\"async\" class=\"alignnone size-thumbnail wp-image-110828\" alt=\"DSC_0299\" src=\"http:\/\/www.fuldaer-nachrichten.de\/wp-content\/uploads\/2013\/07\/DSC_0299-265x176.jpg\" width=\"265\" height=\"176\" srcset=\"https:\/\/www.fuldaernachrichten.de\/wp-content\/uploads\/2013\/07\/DSC_0299-265x176.jpg 265w, https:\/\/www.fuldaernachrichten.de\/wp-content\/uploads\/2013\/07\/DSC_0299.jpg 592w\" sizes=\"(max-width: 265px) 100vw, 265px\" \/> <img loading=\"lazy\" decoding=\"async\" class=\"alignnone size-thumbnail wp-image-110827\" alt=\"DSC_0278\" src=\"http:\/\/www.fuldaer-nachrichten.de\/wp-content\/uploads\/2013\/07\/DSC_0278-265x176.jpg\" width=\"265\" height=\"176\" srcset=\"https:\/\/www.fuldaernachrichten.de\/wp-content\/uploads\/2013\/07\/DSC_0278-265x176.jpg 265w, https:\/\/www.fuldaernachrichten.de\/wp-content\/uploads\/2013\/07\/DSC_0278.jpg 592w\" sizes=\"(max-width: 265px) 100vw, 265px\" \/> <img loading=\"lazy\" decoding=\"async\" class=\"alignnone size-thumbnail wp-image-110826\" alt=\"DSC_0273\" src=\"http:\/\/www.fuldaer-nachrichten.de\/wp-content\/uploads\/2013\/07\/DSC_0273-265x176.jpg\" width=\"265\" height=\"176\" srcset=\"https:\/\/www.fuldaernachrichten.de\/wp-content\/uploads\/2013\/07\/DSC_0273-265x176.jpg 265w, https:\/\/www.fuldaernachrichten.de\/wp-content\/uploads\/2013\/07\/DSC_0273.jpg 592w\" sizes=\"(max-width: 265px) 100vw, 265px\" \/> <img loading=\"lazy\" decoding=\"async\" class=\"alignnone size-thumbnail wp-image-110825\" alt=\"DSC_0184\" src=\"http:\/\/www.fuldaer-nachrichten.de\/wp-content\/uploads\/2013\/07\/DSC_0184-265x176.jpg\" width=\"265\" height=\"176\" srcset=\"https:\/\/www.fuldaernachrichten.de\/wp-content\/uploads\/2013\/07\/DSC_0184-265x176.jpg 265w, https:\/\/www.fuldaernachrichten.de\/wp-content\/uploads\/2013\/07\/DSC_0184.jpg 592w\" sizes=\"(max-width: 265px) 100vw, 265px\" \/> <img loading=\"lazy\" decoding=\"async\" class=\"alignnone size-thumbnail wp-image-110824\" alt=\"DSC_0161\" src=\"http:\/\/www.fuldaer-nachrichten.de\/wp-content\/uploads\/2013\/07\/DSC_0161-265x176.jpg\" width=\"265\" height=\"176\" srcset=\"https:\/\/www.fuldaernachrichten.de\/wp-content\/uploads\/2013\/07\/DSC_0161-265x176.jpg 265w, https:\/\/www.fuldaernachrichten.de\/wp-content\/uploads\/2013\/07\/DSC_0161.jpg 592w\" sizes=\"(max-width: 265px) 100vw, 265px\" \/> <img loading=\"lazy\" decoding=\"async\" class=\"alignnone size-thumbnail wp-image-110823\" alt=\"DSC_0104\" src=\"http:\/\/www.fuldaer-nachrichten.de\/wp-content\/uploads\/2013\/07\/DSC_0104-265x176.jpg\" width=\"265\" height=\"176\" srcset=\"https:\/\/www.fuldaernachrichten.de\/wp-content\/uploads\/2013\/07\/DSC_0104-265x176.jpg 265w, https:\/\/www.fuldaernachrichten.de\/wp-content\/uploads\/2013\/07\/DSC_0104.jpg 592w\" sizes=\"(max-width: 265px) 100vw, 265px\" \/> <img loading=\"lazy\" decoding=\"async\" class=\"alignnone size-thumbnail wp-image-110822\" alt=\"DSC_0095\" src=\"http:\/\/www.fuldaer-nachrichten.de\/wp-content\/uploads\/2013\/07\/DSC_0095-265x176.jpg\" width=\"265\" height=\"176\" srcset=\"https:\/\/www.fuldaernachrichten.de\/wp-content\/uploads\/2013\/07\/DSC_0095-265x176.jpg 265w, https:\/\/www.fuldaernachrichten.de\/wp-content\/uploads\/2013\/07\/DSC_0095.jpg 592w\" sizes=\"(max-width: 265px) 100vw, 265px\" \/> <img loading=\"lazy\" decoding=\"async\" class=\"alignnone size-thumbnail wp-image-110821\" alt=\"DSC_0022\" src=\"http:\/\/www.fuldaer-nachrichten.de\/wp-content\/uploads\/2013\/07\/DSC_0022-265x176.jpg\" width=\"265\" height=\"176\" srcset=\"https:\/\/www.fuldaernachrichten.de\/wp-content\/uploads\/2013\/07\/DSC_0022-265x176.jpg 265w, https:\/\/www.fuldaernachrichten.de\/wp-content\/uploads\/2013\/07\/DSC_0022.jpg 592w\" sizes=\"(max-width: 265px) 100vw, 265px\" \/><\/p>\n","protected":false},"excerpt":{"rendered":"<div class=\"tmnf_excerpt\"><p>Tann. Der Bundeswettbewerb der Deutschen Jugendfeuerwehr wurde in diesem Jahr in Tann ausgetragen. Nach vielen Wochen \u00fcben und trainieren der Jugendlichen zwischen 10 und 18 Jahren war es dann am 29.06.2013 soweit und der Wettkampf stand vor der T\u00fcr. Hierzu gingen insgesamt 32 Mannschaften aus dem gesamten Landkreis Fulda an den Start. Ziel des Wettbewerbes &hellip;<\/p>\n<\/div>","protected":false},"author":1,"featured_media":0,"comment_status":"closed","ping_status":"closed","sticky":false,"template":"","format":"standard","meta":{"footnotes":""},"categories":[1,71],"tags":[],"class_list":["post-110820","post","type-post","status-publish","format-standard","hentry","category-startseite","category-feuerwehr"],"_links":{"self":[{"href":"https:\/\/www.fuldaernachrichten.de\/index.php?rest_route=\/wp\/v2\/posts\/110820","targetHints":{"allow":["GET"]}}],"collection":[{"href":"https:\/\/www.fuldaernachrichten.de\/index.php?rest_route=\/wp\/v2\/posts"}],"about":[{"href":"https:\/\/www.fuldaernachrichten.de\/index.php?rest_route=\/wp\/v2\/types\/post"}],"author":[{"embeddable":true,"href":"https:\/\/www.fuldaernachrichten.de\/index.php?rest_route=\/wp\/v2\/users\/1"}],"replies":[{"embeddable":true,"href":"https:\/\/www.fuldaernachrichten.de\/index.php?rest_route=%2Fwp%2Fv2%2Fcomments&post=110820"}],"version-history":[{"count":0,"href":"https:\/\/www.fuldaernachrichten.de\/index.php?rest_route=\/wp\/v2\/posts\/110820\/revisions"}],"wp:attachment":[{"href":"https:\/\/www.fuldaernachrichten.de\/index.php?rest_route=%2Fwp%2Fv2%2Fmedia&parent=110820"}],"wp:term":[{"taxonomy":"category","embeddable":true,"href":"https:\/\/www.fuldaernachrichten.de\/index.php?rest_route=%2Fwp%2Fv2%2Fcategories&post=110820"},{"taxonomy":"post_tag","embeddable":true,"href":"https:\/\/www.fuldaernachrichten.de\/index.php?rest_route=%2Fwp%2Fv2%2Ftags&post=110820"}],"curies":[{"name":"wp","href":"https:\/\/api.w.org\/{rel}","templated":true}]}}