{"id":110786,"date":"2013-07-03T00:12:56","date_gmt":"2013-07-03T00:12:56","guid":{"rendered":"http:\/\/www.fuldaer-nachrichten.de\/?p=110786"},"modified":"2013-07-03T07:51:06","modified_gmt":"2013-07-03T07:51:06","slug":"realschuler-besuchen-mit-team-von-netzwerk-schulen-autostadt-wolfsburg","status":"publish","type":"post","link":"https:\/\/www.fuldaernachrichten.de\/?p=110786","title":{"rendered":"Realsch\u00fcler besuchen mit Team von Netzwerk Schulen Autostadt Wolfsburg"},"content":{"rendered":"<p><img decoding=\"async\" class=\"alignleft size-thumbnail wp-image-110790\" alt=\"IMG_1108\" src=\"http:\/\/www.fuldaer-nachrichten.de\/wp-content\/uploads\/2013\/07\/IMG_1108-265x184.jpg\" width=\"265\" height=\"184\" srcset=\"https:\/\/www.fuldaernachrichten.de\/wp-content\/uploads\/2013\/07\/IMG_1108-265x184.jpg 265w, https:\/\/www.fuldaernachrichten.de\/wp-content\/uploads\/2013\/07\/IMG_1108.jpg 592w\" sizes=\"(max-width: 265px) 100vw, 265px\" \/>Wolfsburg\/Fulda. Welche Kraft steckt unter einer Motorhaube? Was motiviert Menschen zu H\u00f6chstleistungen? Wer bewegt die Wirtschaft der Zukunft? Diesen und vielen weiteren Fragen widmeten sich insgesamt 54 Netzwerksch\u00fcler der Konrad-Adenauer-Schule, der L\u00fcdertalschule, der Rh\u00f6nschule, der Jahnschule und der Wernher-von-Braun-Schule w\u00e4hrend der Besichtigung der Autostadt Wolfsburg. Nach einem erfolgreichen Jahr im F\u00f6rderverein Netzwerk Schulen bildete der Ausflug nach Wolfsburg einen besonderen Ausklang. <!--more--><\/p>\n<p>Die Netzwerk-Dozenten Edgar Mihm und Monika Thom sowie Projektleiterin Barbara Linder waren mit von der Partie und begleiteten die Sch\u00fcler. In der Autostadt schloss sich die Gruppe\u00c2\u00a0 F\u00fchrungen zu den Themen \u201eDie Welt in der wir leben\u201c sowie\u00c2\u00a0 \u201eKunst und Raum\u201c an. Ein Highlight stellte au\u00dferdem der komplett verspiegelte Bugatti Veyron 16.4 mit 1200 PS f\u00fcr \u201eschlappe\u201c 2,3 Millionen Euro dar, von dem nur wenige Modelle gefertigt wurden.<\/p>\n<p>Mit dem Boot ging es anschlie\u00dfend zum Werksgel\u00e4nde und per Bahn durch die Werkshallen. Besondere Attraktion dieser F\u00fchrung war f\u00fcr die Sch\u00fclergruppe die Tatsache, die Hallen bei laufendem Betrieb besichtigen und die Produktion miterleben zu k\u00f6nnen. \u201eZiel der Veranstaltung war es, unseren Netzwerksch\u00fclern den \u201eGlobal Player VW\u201c und somit die Funktionsweise eines international t\u00e4tigen Wirtschaftskonzerns n\u00e4her zu bringen&#8221; res\u00fcmierte Barbara Linder.<\/p>\n<p><img decoding=\"async\" class=\"alignleft size-thumbnail wp-image-110792\" alt=\"1\" src=\"http:\/\/www.fuldaer-nachrichten.de\/wp-content\/uploads\/2013\/07\/1-265x155.jpg\" width=\"265\" height=\"155\" srcset=\"https:\/\/www.fuldaernachrichten.de\/wp-content\/uploads\/2013\/07\/1-265x155.jpg 265w, https:\/\/www.fuldaernachrichten.de\/wp-content\/uploads\/2013\/07\/1.jpg 592w\" sizes=\"(max-width: 265px) 100vw, 265px\" \/> <img decoding=\"async\" class=\"alignleft size-thumbnail wp-image-110791\" alt=\"IMG_1126\" src=\"http:\/\/www.fuldaer-nachrichten.de\/wp-content\/uploads\/2013\/07\/IMG_1126-265x176.jpg\" width=\"265\" height=\"176\" srcset=\"https:\/\/www.fuldaernachrichten.de\/wp-content\/uploads\/2013\/07\/IMG_1126-265x176.jpg 265w, https:\/\/www.fuldaernachrichten.de\/wp-content\/uploads\/2013\/07\/IMG_1126.jpg 592w\" sizes=\"(max-width: 265px) 100vw, 265px\" \/> <img loading=\"lazy\" decoding=\"async\" class=\"alignleft size-thumbnail wp-image-110789\" alt=\"IMG_1100\" src=\"http:\/\/www.fuldaer-nachrichten.de\/wp-content\/uploads\/2013\/07\/IMG_1100-265x167.jpg\" width=\"265\" height=\"167\" srcset=\"https:\/\/www.fuldaernachrichten.de\/wp-content\/uploads\/2013\/07\/IMG_1100-265x167.jpg 265w, https:\/\/www.fuldaernachrichten.de\/wp-content\/uploads\/2013\/07\/IMG_1100.jpg 592w\" sizes=\"(max-width: 265px) 100vw, 265px\" \/> <img loading=\"lazy\" decoding=\"async\" class=\"alignleft size-thumbnail wp-image-110788\" alt=\"IMG_1073\" src=\"http:\/\/www.fuldaer-nachrichten.de\/wp-content\/uploads\/2013\/07\/IMG_1073-265x219.jpg\" width=\"265\" height=\"219\" srcset=\"https:\/\/www.fuldaernachrichten.de\/wp-content\/uploads\/2013\/07\/IMG_1073-265x219.jpg 265w, https:\/\/www.fuldaernachrichten.de\/wp-content\/uploads\/2013\/07\/IMG_1073.jpg 592w\" sizes=\"(max-width: 265px) 100vw, 265px\" \/> <img loading=\"lazy\" decoding=\"async\" class=\"alignleft size-thumbnail wp-image-110787\" alt=\"IMG_1054\" src=\"http:\/\/www.fuldaer-nachrichten.de\/wp-content\/uploads\/2013\/07\/IMG_1054-265x176.jpg\" width=\"265\" height=\"176\" srcset=\"https:\/\/www.fuldaernachrichten.de\/wp-content\/uploads\/2013\/07\/IMG_1054-265x176.jpg 265w, https:\/\/www.fuldaernachrichten.de\/wp-content\/uploads\/2013\/07\/IMG_1054.jpg 592w\" sizes=\"(max-width: 265px) 100vw, 265px\" \/><\/p>\n","protected":false},"excerpt":{"rendered":"<div class=\"tmnf_excerpt\"><p>Wolfsburg\/Fulda. Welche Kraft steckt unter einer Motorhaube? Was motiviert Menschen zu H\u00f6chstleistungen? Wer bewegt die Wirtschaft der Zukunft? Diesen und vielen weiteren Fragen widmeten sich insgesamt 54 Netzwerksch\u00fcler der Konrad-Adenauer-Schule, der L\u00fcdertalschule, der Rh\u00f6nschule, der Jahnschule und der Wernher-von-Braun-Schule w\u00e4hrend der Besichtigung der Autostadt Wolfsburg. Nach einem erfolgreichen Jahr im F\u00f6rderverein Netzwerk Schulen bildete der &hellip;<\/p>\n<\/div>","protected":false},"author":1,"featured_media":0,"comment_status":"closed","ping_status":"closed","sticky":false,"template":"","format":"standard","meta":{"footnotes":""},"categories":[1,53],"tags":[],"class_list":["post-110786","post","type-post","status-publish","format-standard","hentry","category-startseite","category-bildung"],"_links":{"self":[{"href":"https:\/\/www.fuldaernachrichten.de\/index.php?rest_route=\/wp\/v2\/posts\/110786","targetHints":{"allow":["GET"]}}],"collection":[{"href":"https:\/\/www.fuldaernachrichten.de\/index.php?rest_route=\/wp\/v2\/posts"}],"about":[{"href":"https:\/\/www.fuldaernachrichten.de\/index.php?rest_route=\/wp\/v2\/types\/post"}],"author":[{"embeddable":true,"href":"https:\/\/www.fuldaernachrichten.de\/index.php?rest_route=\/wp\/v2\/users\/1"}],"replies":[{"embeddable":true,"href":"https:\/\/www.fuldaernachrichten.de\/index.php?rest_route=%2Fwp%2Fv2%2Fcomments&post=110786"}],"version-history":[{"count":0,"href":"https:\/\/www.fuldaernachrichten.de\/index.php?rest_route=\/wp\/v2\/posts\/110786\/revisions"}],"wp:attachment":[{"href":"https:\/\/www.fuldaernachrichten.de\/index.php?rest_route=%2Fwp%2Fv2%2Fmedia&parent=110786"}],"wp:term":[{"taxonomy":"category","embeddable":true,"href":"https:\/\/www.fuldaernachrichten.de\/index.php?rest_route=%2Fwp%2Fv2%2Fcategories&post=110786"},{"taxonomy":"post_tag","embeddable":true,"href":"https:\/\/www.fuldaernachrichten.de\/index.php?rest_route=%2Fwp%2Fv2%2Ftags&post=110786"}],"curies":[{"name":"wp","href":"https:\/\/api.w.org\/{rel}","templated":true}]}}