{"id":110773,"date":"2013-07-03T00:09:21","date_gmt":"2013-07-03T00:09:21","guid":{"rendered":"http:\/\/www.fuldaer-nachrichten.de\/?p=110773"},"modified":"2013-07-03T07:39:44","modified_gmt":"2013-07-03T07:39:44","slug":"die-90-jahrige-ilse-thon-arbeitet-jeden-montag-ehrenamtlich-in-der-deutschen-palliativstiftung","status":"publish","type":"post","link":"https:\/\/www.fuldaernachrichten.de\/?p=110773","title":{"rendered":"Die 90-j\u00e4hrige Ilse Thon arbeitet jeden Montag ehrenamtlich  in der Deutschen PalliativStiftung"},"content":{"rendered":"<p><img fetchpriority=\"high\" decoding=\"async\" class=\"alignnone size-full wp-image-110777\" alt=\"Monika_Petersein_Ilse_Thon\" src=\"http:\/\/www.fuldaer-nachrichten.de\/wp-content\/uploads\/2013\/07\/Monika_Petersein_Ilse_Thon.jpg\" width=\"560\" height=\"406\" \/><br \/>\n<b>Fulda. <\/b>Jeden Montag, kurz nach 10 Uhr, ert\u00f6nt ein fr\u00f6hliches und lautes \u201eGuten Morgen\u201c durch den Flur der Gesch\u00e4ftsstelle der Deutschen PalliativStiftung am Bahnhof in Fulda. Es stammt von Ilse Thon. Seit Sommer 2011 arbeitet sie ehrenamtlich f\u00fcr die Stiftung und hilft einmal w\u00f6chentlich den Mitarbeitern bei Versandaktionen. Eigentlich nichts Besonderes, k\u00f6nnte man meinen, doch Ilse Thon ist am 17. Juni 2013 90 Jahre alt geworden.<\/p>\n<p>Verschiedene Wege haben die damals 88-J\u00e4hrige in die Gesch\u00e4ftsstelle der Deutschen PalliativStiftung (DPS) gef\u00fchrt. Durch Gespr\u00e4che mit der Tochter einer Klassenkameradin, die bewegt vom Sterben der Mutter in deren vertrautem Zuhause und von der medizinischen Betreuung ganz begeistert war, h\u00f6rte Thon das erste Mal vom Palliativarzt Thomas Sitte. Dann begegnete sie dem sp\u00e4teren Vorstandsvorsitzenden der DPS bei einem Vortrag \u00fcber Palliativversorgung und war angetan von den M\u00f6glichkeiten der ambulanten Versorgung. Und als schlie\u00dflich eine gute Bekannte berichtete, sie arbeite f\u00fcr die Stiftung, siegte die Neugier: Sie kam mit in das B\u00fcro, um sich alles einmal anzuschauen. Und nach diesem ersten Besuch war Ilse Thon dann klar: \u201eHierher will ich wiederkommen und mitanpacken, das Thema zu verbreiten.\u201c<\/p>\n<p>Und so setzt sie sich jeden Montag um 9.40 Uhr in Ziehers Nord in den Bus und f\u00e4hrt in die Stadt. \u201eIch freue mich schon immer auf meinen Arbeitstag. Ich habe nie in einem B\u00fcro gearbeitet und wollte das schon immer gerne machen. Und es macht gro\u00dfen Spa\u00df\u201c, sagt Thon, die einst Medizinisch Technische Assistentin gelernt hat und w\u00e4hrend des Zweiten Weltkrieges ein Labor im Lazarett in Bad Salzschlirf leitete. Nach dem Krieg war sie eine zeitlang in Fulda in einer Praxis besch\u00e4ftigt, bevor sie wegen der Geburt ihrer Tochter ihre Stelle aufgab.<\/p>\n<p><img decoding=\"async\" class=\"alignleft size-thumbnail wp-image-110775\" alt=\"Ilse Thon\" src=\"http:\/\/www.fuldaer-nachrichten.de\/wp-content\/uploads\/2013\/07\/Ilse-Thon-265x195.jpg\" width=\"265\" height=\"195\" srcset=\"https:\/\/www.fuldaernachrichten.de\/wp-content\/uploads\/2013\/07\/Ilse-Thon-265x195.jpg 265w, https:\/\/www.fuldaernachrichten.de\/wp-content\/uploads\/2013\/07\/Ilse-Thon.jpg 600w\" sizes=\"(max-width: 265px) 100vw, 265px\" \/>\u201eNat\u00fcrlich gef\u00e4llt mir auch der Kontakt zu den Mitarbeitern und den anderen Ehrenamtlichen. Ich lerne immer wieder etwas Neues dazu. Daher will ich, solange es geht, in die Stiftung kommen. Und da ich hier im Sitzen arbeiten kann, ist das prima.\u201c\u00c2\u00a0 So faltet Ilse Thon Briefe f\u00fcr Rundschreiben, kuvertiert sie ein, best\u00fcckt Brosch\u00fcren und Ratgeber mit Flyern und hilft bei allem, was sie im Sitzen erledigen kann. \u201eDenn ich kann nicht mehr so lange stehen und laufen. Deswegen fahre ich auch nicht mit dem Auto. Denn hier gibt es keine nahe gelegenen Parkpl\u00e4tze.\u201c<\/p>\n<p>Je nach Arbeitsanfall f\u00e4hrt die lebenslustige Seniorin zwischen 13 und 14 Uhr wieder nach Hause. Aber die F\u00fc\u00dfe still h\u00e4lt sie dort dann auch nicht \u2013 zumindest nicht lange. So legt sie Flyer \u00fcber die Stiftung an \u00f6ffentlichen Orten, in Praxen und Senioreneinrichtungen dort aus, wo sie hinkommt, macht Werbung f\u00fcr das Thema bei ihren Bekannten und in ihrer Familie. \u201ePalliativversorgung ist ein Segen f\u00fcr die Menschen. Seitdem ich das wei\u00df, ist mir auch die einzige Angst, die ich vor dem Sterben hatte, genommen worden: Ich brauche keine Schmerzen zu haben und kann zu Hause bleiben.\u201c<\/p>\n","protected":false},"excerpt":{"rendered":"<div class=\"tmnf_excerpt\"><p>Fulda. Jeden Montag, kurz nach 10 Uhr, ert\u00f6nt ein fr\u00f6hliches und lautes \u201eGuten Morgen\u201c durch den Flur der Gesch\u00e4ftsstelle der Deutschen PalliativStiftung am Bahnhof in Fulda. Es stammt von Ilse Thon. Seit Sommer 2011 arbeitet sie ehrenamtlich f\u00fcr die Stiftung und hilft einmal w\u00f6chentlich den Mitarbeitern bei Versandaktionen. Eigentlich nichts Besonderes, k\u00f6nnte man meinen, doch &hellip;<\/p>\n<\/div>","protected":false},"author":1,"featured_media":0,"comment_status":"closed","ping_status":"closed","sticky":false,"template":"","format":"standard","meta":{"footnotes":""},"categories":[1,51,78],"tags":[],"class_list":["post-110773","post","type-post","status-publish","format-standard","hentry","category-startseite","category-medizin","category-topthema"],"_links":{"self":[{"href":"https:\/\/www.fuldaernachrichten.de\/index.php?rest_route=\/wp\/v2\/posts\/110773","targetHints":{"allow":["GET"]}}],"collection":[{"href":"https:\/\/www.fuldaernachrichten.de\/index.php?rest_route=\/wp\/v2\/posts"}],"about":[{"href":"https:\/\/www.fuldaernachrichten.de\/index.php?rest_route=\/wp\/v2\/types\/post"}],"author":[{"embeddable":true,"href":"https:\/\/www.fuldaernachrichten.de\/index.php?rest_route=\/wp\/v2\/users\/1"}],"replies":[{"embeddable":true,"href":"https:\/\/www.fuldaernachrichten.de\/index.php?rest_route=%2Fwp%2Fv2%2Fcomments&post=110773"}],"version-history":[{"count":1,"href":"https:\/\/www.fuldaernachrichten.de\/index.php?rest_route=\/wp\/v2\/posts\/110773\/revisions"}],"predecessor-version":[{"id":110776,"href":"https:\/\/www.fuldaernachrichten.de\/index.php?rest_route=\/wp\/v2\/posts\/110773\/revisions\/110776"}],"wp:attachment":[{"href":"https:\/\/www.fuldaernachrichten.de\/index.php?rest_route=%2Fwp%2Fv2%2Fmedia&parent=110773"}],"wp:term":[{"taxonomy":"category","embeddable":true,"href":"https:\/\/www.fuldaernachrichten.de\/index.php?rest_route=%2Fwp%2Fv2%2Fcategories&post=110773"},{"taxonomy":"post_tag","embeddable":true,"href":"https:\/\/www.fuldaernachrichten.de\/index.php?rest_route=%2Fwp%2Fv2%2Ftags&post=110773"}],"curies":[{"name":"wp","href":"https:\/\/api.w.org\/{rel}","templated":true}]}}