{"id":110761,"date":"2013-07-03T00:12:50","date_gmt":"2013-07-03T00:12:50","guid":{"rendered":"http:\/\/www.fuldaer-nachrichten.de\/?p=110761"},"modified":"2013-07-03T07:17:28","modified_gmt":"2013-07-03T07:17:28","slug":"verkehrsminister-rentsch-und-carius-alternative-trassenfuhrungen-zur-b-87n-noch-nicht-fertiggestellt","status":"publish","type":"post","link":"https:\/\/www.fuldaernachrichten.de\/?p=110761","title":{"rendered":"Verkehrsminister Rentsch und Carius: Alternative Trassenf\u00fchrungen zur B 87n noch nicht fertiggestellt"},"content":{"rendered":"<p>Wiesbaden. \u201eDie L\u00e4nder Hessen und Th\u00fcringen untersuchen zur Zeit gemeinsam alternative Trassenf\u00fchrungen f\u00fcr eine Bundesstra\u00dfenverbindung zwischen Fulda und Meiningen\u201c, dieses betonten die beiden Verkehrsminister aus Hessen und Th\u00fcringen, Florian Rentsch und Christian Carius.\u00c2\u00a0 Im Rahmen einer Studie werden m\u00f6gliche Streckenf\u00fchrungen entwickelt. Ziel ist es auf einer fachlich fundierten Grundlage eine gemeinsame Entscheidung \u00fcber die Anmeldung einer Trasse zum neuen Bundesverkehrswegeplan 2015 zu treffen.<!--more--><\/p>\n<p>In der Studie werden die Verkehrsverteilung, r\u00e4umliche und \u00f6kologische Wirkungen sowie die Kosten verschiedener Varianten bewertet. Dabei werden sowohl Alternativen n\u00f6rdlich wie auch s\u00fcdlich der Rh\u00f6n untersucht. Rentsch sagte: \u201eSobald die Untersuchung beider L\u00e4nder abgeschlossen ist, werde ich die Ergebnisse zusammen mit meinem th\u00fcringischen Kollegen, Minister Christian Carius, vorstellen.\u201c Carius erkl\u00e4rte: \u201eBeide L\u00e4nder wollen gemeinsam eine Trassenf\u00fchrung pr\u00e4sentieren, die im Bundesverkehrswegeplan ber\u00fccksichtigt wird. Jetzt wird es Zeit, gemeinsam an einem Strang zu ziehen. Wir brauchen eine L\u00f6sung, die Mobilit\u00e4t und Umweltbelange in Einklang bringt.&#8221;<\/p>\n<p>Anlass f\u00fcr die aktuellen Untersuchungen ist die Entscheidung des Bundesministeriums f\u00fcr Verkehr, Bau und Stadtentwicklung vom Dezember vergangenen Jahres. Der Bund hatte entschieden, eine Bundesfernstra\u00dfenverbindung in der bisher von Th\u00fcringen und Hessen vorgeschlagenen Form nicht weiter zu verfolgen. Den L\u00e4ndern wurde aber freigestellt, eine neue alternative Linie gemeinsam f\u00fcr den Bundesverkehrswegeplan 2015 anzumelden. Die L\u00e4nder Th\u00fcringen und Hessen hatten diese Chance aufgegriffen und die oben genannte Studie beauftragt.<\/p>\n","protected":false},"excerpt":{"rendered":"<div class=\"tmnf_excerpt\"><p>Wiesbaden. \u201eDie L\u00e4nder Hessen und Th\u00fcringen untersuchen zur Zeit gemeinsam alternative Trassenf\u00fchrungen f\u00fcr eine Bundesstra\u00dfenverbindung zwischen Fulda und Meiningen\u201c, dieses betonten die beiden Verkehrsminister aus Hessen und Th\u00fcringen, Florian Rentsch und Christian Carius.\u00c2\u00a0 Im Rahmen einer Studie werden m\u00f6gliche Streckenf\u00fchrungen entwickelt. Ziel ist es auf einer fachlich fundierten Grundlage eine gemeinsame Entscheidung \u00fcber die Anmeldung &hellip;<\/p>\n<\/div>","protected":false},"author":1,"featured_media":0,"comment_status":"closed","ping_status":"closed","sticky":false,"template":"","format":"standard","meta":{"footnotes":""},"categories":[1,35,29],"tags":[],"class_list":["post-110761","post","type-post","status-publish","format-standard","hentry","category-startseite","category-auto","category-politik"],"_links":{"self":[{"href":"https:\/\/www.fuldaernachrichten.de\/index.php?rest_route=\/wp\/v2\/posts\/110761","targetHints":{"allow":["GET"]}}],"collection":[{"href":"https:\/\/www.fuldaernachrichten.de\/index.php?rest_route=\/wp\/v2\/posts"}],"about":[{"href":"https:\/\/www.fuldaernachrichten.de\/index.php?rest_route=\/wp\/v2\/types\/post"}],"author":[{"embeddable":true,"href":"https:\/\/www.fuldaernachrichten.de\/index.php?rest_route=\/wp\/v2\/users\/1"}],"replies":[{"embeddable":true,"href":"https:\/\/www.fuldaernachrichten.de\/index.php?rest_route=%2Fwp%2Fv2%2Fcomments&post=110761"}],"version-history":[{"count":0,"href":"https:\/\/www.fuldaernachrichten.de\/index.php?rest_route=\/wp\/v2\/posts\/110761\/revisions"}],"wp:attachment":[{"href":"https:\/\/www.fuldaernachrichten.de\/index.php?rest_route=%2Fwp%2Fv2%2Fmedia&parent=110761"}],"wp:term":[{"taxonomy":"category","embeddable":true,"href":"https:\/\/www.fuldaernachrichten.de\/index.php?rest_route=%2Fwp%2Fv2%2Fcategories&post=110761"},{"taxonomy":"post_tag","embeddable":true,"href":"https:\/\/www.fuldaernachrichten.de\/index.php?rest_route=%2Fwp%2Fv2%2Ftags&post=110761"}],"curies":[{"name":"wp","href":"https:\/\/api.w.org\/{rel}","templated":true}]}}