{"id":110760,"date":"2013-07-03T00:11:44","date_gmt":"2013-07-03T00:11:44","guid":{"rendered":"http:\/\/www.fuldaer-nachrichten.de\/?p=110760"},"modified":"2013-07-03T07:16:19","modified_gmt":"2013-07-03T07:16:19","slug":"suche-nach-alternativen-zu-eibe-klassen","status":"publish","type":"post","link":"https:\/\/www.fuldaernachrichten.de\/?p=110760","title":{"rendered":"Suche nach Alternativen zu EIBE-Klassen"},"content":{"rendered":"<p>Vogelsbergkreis. \u201eIch denke, wir m\u00fcssen unsere Kr\u00e4fte b\u00fcndeln und tun was wir hier k\u00f6nnen \u2013 unabh\u00e4ngig von Wiesbaden und deren Entscheidungen.\u201c Der Erste Kreisbeigeordnete und Schuldezernent Peter Zielinski hatte sich mit der Max-Eyth-Schule Alsfeld und der Volkshochschule getroffen, um Alternativen f\u00fcr junge Migranten zu finden. Denn mit Ablauf der ESF-F\u00f6rderperiode Ende 2014 ist auch das Ende des Programms EIBE (Eingliederung in die Berufs- und Erwerbswelt) zu bef\u00fcrchten. Dabei entstand die Idee einer Kombination von Berufsschule, Volkshochschule und Erwachsenenschule unter dem Dach von Hessencampus. <!--more--><br \/>\nVolker Weyandt (Max-Eyth-Schule) stellte die bisherige Arbeit in den EIBE-Klassen dar und strich die Vorteile f\u00fcr die jugendlichen Migranten heraus: Sie erhielten intensiven Deutschunterricht, dazu praxisnahen Unterricht in den Fachwerkst\u00e4tten und vielf\u00e4ltige M\u00f6glichkeiten der Weiterqualifizierung in den weiterf\u00fchrenden Schulformen oder vollschulischen Ausbildungsg\u00e4ngen. \u201eGanz wichtig: Was passiert mit erwachsenen jungen Migranten, die nicht mehr schulpflichtig sind? Jugendliche, die formell ihre Schulpflicht in Deutschland erf\u00fcllt haben, m\u00fcssen weiter gef\u00f6rdert werden. Es w\u00e4re sch\u00f6n, wenn man sich da am Jugendbildungsbereich orientieren k\u00f6nnte, der das Ende Jugendphase zwischen 25 und 27 Jahren vorsieht.\u201c<\/p>\n<p>\u00dcber 500 Unterschriften wurden bisher gesammelt, die in Wiesbaden an das Hessische Kultusministerium \u00fcbergeben werden sollen. \u201eBei der geplanten Umstrukturierung des \u00dcbergangs von der Schule in den Beruf wurden ausl\u00e4ndische Jugendliche nicht ber\u00fccksichtigt\u201c, so Uwe Zaschel vom EIBE-B\u00fcro an der Max-Eyth-Schule. Jugendliche Fl\u00fcchtlinge m\u00fcssten weiterhin in EIBE oder einer \u00e4hnlichen F\u00f6rderform in der Berufsschule mit intensiver sozialp\u00e4dagogischer Unterst\u00fctzung qualifiziert werden.<\/p>\n<p>\u201eDie Vereinbarung zum Hessencampus wird gerade zwischen den Beteiligten im Vogelsbergkreis und dem Kultusministerium in Wiesbaden abgestimmt, auch die Produktionsschule ist auf dem Weg und soll Ende des Jahres beschlussfertig sein\u201c, so Jugend- und Schuldezernent Zielinski. \u201eWir sollten die Sprachkurse f\u00fcr Migranten noch in den Entwurf aufnehmen.\u201c<\/p>\n","protected":false},"excerpt":{"rendered":"<div class=\"tmnf_excerpt\"><p>Vogelsbergkreis. \u201eIch denke, wir m\u00fcssen unsere Kr\u00e4fte b\u00fcndeln und tun was wir hier k\u00f6nnen \u2013 unabh\u00e4ngig von Wiesbaden und deren Entscheidungen.\u201c Der Erste Kreisbeigeordnete und Schuldezernent Peter Zielinski hatte sich mit der Max-Eyth-Schule Alsfeld und der Volkshochschule getroffen, um Alternativen f\u00fcr junge Migranten zu finden. Denn mit Ablauf der ESF-F\u00f6rderperiode Ende 2014 ist auch das &hellip;<\/p>\n<\/div>","protected":false},"author":1,"featured_media":0,"comment_status":"closed","ping_status":"closed","sticky":false,"template":"","format":"standard","meta":{"footnotes":""},"categories":[1],"tags":[],"class_list":["post-110760","post","type-post","status-publish","format-standard","hentry","category-startseite"],"_links":{"self":[{"href":"https:\/\/www.fuldaernachrichten.de\/index.php?rest_route=\/wp\/v2\/posts\/110760","targetHints":{"allow":["GET"]}}],"collection":[{"href":"https:\/\/www.fuldaernachrichten.de\/index.php?rest_route=\/wp\/v2\/posts"}],"about":[{"href":"https:\/\/www.fuldaernachrichten.de\/index.php?rest_route=\/wp\/v2\/types\/post"}],"author":[{"embeddable":true,"href":"https:\/\/www.fuldaernachrichten.de\/index.php?rest_route=\/wp\/v2\/users\/1"}],"replies":[{"embeddable":true,"href":"https:\/\/www.fuldaernachrichten.de\/index.php?rest_route=%2Fwp%2Fv2%2Fcomments&post=110760"}],"version-history":[{"count":0,"href":"https:\/\/www.fuldaernachrichten.de\/index.php?rest_route=\/wp\/v2\/posts\/110760\/revisions"}],"wp:attachment":[{"href":"https:\/\/www.fuldaernachrichten.de\/index.php?rest_route=%2Fwp%2Fv2%2Fmedia&parent=110760"}],"wp:term":[{"taxonomy":"category","embeddable":true,"href":"https:\/\/www.fuldaernachrichten.de\/index.php?rest_route=%2Fwp%2Fv2%2Fcategories&post=110760"},{"taxonomy":"post_tag","embeddable":true,"href":"https:\/\/www.fuldaernachrichten.de\/index.php?rest_route=%2Fwp%2Fv2%2Ftags&post=110760"}],"curies":[{"name":"wp","href":"https:\/\/api.w.org\/{rel}","templated":true}]}}