{"id":110759,"date":"2013-07-03T00:10:26","date_gmt":"2013-07-03T00:10:26","guid":{"rendered":"http:\/\/www.fuldaer-nachrichten.de\/?p=110759"},"modified":"2013-07-03T07:15:37","modified_gmt":"2013-07-03T07:15:37","slug":"wanderung-zur-schnepfenkapelle","status":"publish","type":"post","link":"https:\/\/www.fuldaernachrichten.de\/?p=110759","title":{"rendered":"Wanderung zur Schnepfenkapelle"},"content":{"rendered":"<p><b>Fulda.<\/b> Spazierengehen oder wandern macht gemeinsam mit anderen mehr Spa\u00df. Auch in der n\u00e4heren Umgebung gibt es viele attraktive Touren. Die Volkshochschule der Stadt Fulda bietet in Zusammenarbeit mit dem Rh\u00f6nklub Zweigverein Fulda am Mittwoch, den 10. Juli, eine Wanderung vom Fuldaer Stadtteil Malkes nach Bimbach an. Wir fahren mit dem Stadtbus nach Malkes und wandern von dort zur Schnepfenkappelle, erfrischen uns in der K\u00f6rbelsh\u00fctte und fahren dann von Bimbach aus mit dem Bus wieder zur\u00fcck nach Fulda. Treffpunkt ist um 13:00 Uhr am Heertor am Stadtschloss. Zur Planung ist eine vorherige Anmeldung in der Gesch\u00e4ftsstelle der Volkshochschule, Unterm Heilig Kreuz, oder unter Telefon 102-1477 er\u00c2\u00adw\u00fcnscht.<\/p>\n","protected":false},"excerpt":{"rendered":"<div class=\"tmnf_excerpt\"><p>Fulda. Spazierengehen oder wandern macht gemeinsam mit anderen mehr Spa\u00df. Auch in der n\u00e4heren Umgebung gibt es viele attraktive Touren. Die Volkshochschule der Stadt Fulda bietet in Zusammenarbeit mit dem Rh\u00f6nklub Zweigverein Fulda am Mittwoch, den 10. Juli, eine Wanderung vom Fuldaer Stadtteil Malkes nach Bimbach an. Wir fahren mit dem Stadtbus nach Malkes und &hellip;<\/p>\n<\/div>","protected":false},"author":1,"featured_media":0,"comment_status":"closed","ping_status":"closed","sticky":false,"template":"","format":"standard","meta":{"footnotes":""},"categories":[1,52],"tags":[],"class_list":["post-110759","post","type-post","status-publish","format-standard","hentry","category-startseite","category-umwelt"],"_links":{"self":[{"href":"https:\/\/www.fuldaernachrichten.de\/index.php?rest_route=\/wp\/v2\/posts\/110759","targetHints":{"allow":["GET"]}}],"collection":[{"href":"https:\/\/www.fuldaernachrichten.de\/index.php?rest_route=\/wp\/v2\/posts"}],"about":[{"href":"https:\/\/www.fuldaernachrichten.de\/index.php?rest_route=\/wp\/v2\/types\/post"}],"author":[{"embeddable":true,"href":"https:\/\/www.fuldaernachrichten.de\/index.php?rest_route=\/wp\/v2\/users\/1"}],"replies":[{"embeddable":true,"href":"https:\/\/www.fuldaernachrichten.de\/index.php?rest_route=%2Fwp%2Fv2%2Fcomments&post=110759"}],"version-history":[{"count":0,"href":"https:\/\/www.fuldaernachrichten.de\/index.php?rest_route=\/wp\/v2\/posts\/110759\/revisions"}],"wp:attachment":[{"href":"https:\/\/www.fuldaernachrichten.de\/index.php?rest_route=%2Fwp%2Fv2%2Fmedia&parent=110759"}],"wp:term":[{"taxonomy":"category","embeddable":true,"href":"https:\/\/www.fuldaernachrichten.de\/index.php?rest_route=%2Fwp%2Fv2%2Fcategories&post=110759"},{"taxonomy":"post_tag","embeddable":true,"href":"https:\/\/www.fuldaernachrichten.de\/index.php?rest_route=%2Fwp%2Fv2%2Ftags&post=110759"}],"curies":[{"name":"wp","href":"https:\/\/api.w.org\/{rel}","templated":true}]}}