{"id":110755,"date":"2013-07-02T00:09:13","date_gmt":"2013-07-02T00:09:13","guid":{"rendered":"http:\/\/www.fuldaer-nachrichten.de\/?p=110755"},"modified":"2013-07-02T08:04:11","modified_gmt":"2013-07-02T08:04:11","slug":"osthessischer-gesundheitstag-kommt-hervorragend-an","status":"publish","type":"post","link":"https:\/\/www.fuldaernachrichten.de\/?p=110755","title":{"rendered":"Osthessischer Gesundheitstag kommt hervorragend an"},"content":{"rendered":"<p><img fetchpriority=\"high\" decoding=\"async\" class=\"alignnone size-full wp-image-110756\" alt=\"130702_Gesundheitstag\" src=\"http:\/\/www.fuldaer-nachrichten.de\/wp-content\/uploads\/2013\/07\/130702_Gesundheitstag.jpg\" width=\"560\" height=\"365\" \/><\/p>\n<p>Fulda. Wer gesund bleiben m\u00f6chte, der tut gut daran sich \u00fcber die vielen M\u00f6glichkeiten eines gesunden Lebens auszutauschen und zu informieren. Die Chance dazu bot bereits zum vierten Mal der Osthessische Gesundheitstag in der Fuldaer Esperantohalle. Einmal mehr gelang es, ein gro\u00dfes Publikum zu informieren, zu unterhalten und an manchen Stellen zu \u00fcberraschen.<\/p>\n<p>Wie man \u201egesund durchs Leben\u201c \u2013 so das Motto des Gesundheitstages \u2013 kommt, das zeigte in all seinen Facetten das Angebot der vom Gesundheitsnetz Osthessen (GNO eG) getragenen Veranstaltung: Niedergelassene \u00c4rzte und Chef\u00e4rzte der umliegenden Kliniken hielten unter anderem in drei S\u00e4len Vortr\u00e4ge zu aktuellen medizinischen Themen. Mehr als 100 Aussteller, darunter Krankenkassen, Krankenkassen und zahlreiche Arztpraxen, zeigten die neuesten Trends in der Gesundheitsbranche und hatten sich daneben allerhand einfallen lassen, um die Besucher zu begeistern. \u00c4rzte berieten die Besucher zu vielen gesundheitlichen Fragen und boten Untersuchungen an.<\/p>\n<p>Bei den Fuldaern kommt diese Mischung sehr gut an: Bereits eine halbe Stunde vor Er\u00f6ffnung des Gesundheitstages scharten sich die ersten Besucher vor den Toren der Esperantohalle. Die Veranstalter bilanzierten hinterher, dass die Rekordwerte des vergangenen Gesundheitstages wieder erreicht werden konnten. \u201eDie konstanten Besucherzahlen spornen uns an. Sie zeigen uns, dass wir mit dem Osthessischen Gesundheitstag einen Nerv bei der Bev\u00f6lkerung treffen\u201c, sagte Gabriele Bleul, die Gesch\u00e4ftsf\u00fchrerin der Gesundheitsnetz Osthessen eG. Die Veranstalter freuten sich besonders dar\u00fcber, dass zunehmend junges Publikum den Gesundheitstag besuchte.<\/p>\n<p>\u201eDer Osthessische Gesundheitstag stellt einen wichtigen Beitrag als Kommunikationsplattform f\u00fcr die Region dar, weil sich alle Sparten des Gesundheitswesens hier treffen\u201c, so Prof. Achim Hellinger, Direktor der Allgemein- und Viszeralchirurgie am Klinikum Fulda. Erfolgsrezept des Gesundheitstages ist es, den Besuchern einen einmaligen Mix an n\u00fctzlichen Kommunikations- und Informationsm\u00f6glichkeiten zu liefern: So nahmen zahlreiche Besucher das Angebot einer kurzen Untersuchung, etwa auf Arterienverkalkung, wahr. Insbesondere die Patientenvortr\u00e4ge zu Augenheilkunde \u00c2\u00a0und Herzkrankheiten stie\u00dfen auf gro\u00dfes Interesse.<\/p>\n<p>Wer Gesundheit indes f\u00fcr ein langweiliges Thema gehalten hatte, konnte diesen Irrtum rasch korrigieren: Anlass boten etwa die anregenden F\u00fchrungen durch das begehbare Augenmodell, die Handhabung der lebensechten Babypuppen des Klinikums Fuldas und nicht zuletzt die, von den Zuschauern mit viel Beifall unterst\u00fctzten, Tanzvorf\u00fchrungen von Studio 82, Holodeck Dance Center, Tanzschule Mihm sowie des Kindermusicals Elisabeth. Und wer die Chance nutzte, mit Hilfe chirurgischen Materials ein Gummib\u00e4rchen zu \u201eoperieren\u201c, der wei\u00df die Fertigkeit der \u00c4rzte und die M\u00f6glichkeiten der Medizintechnik danach besser zu sch\u00e4tzen.<\/p>\n<p>Am Ende des vierten Osthessischen Gesundheitstages str\u00f6mten viele zufriedene Gesichter aus der Esperantohalle. Aber nach dem Gesundheitstag ist vor dem Gesundheitstag. Die Planung der f\u00fcnften Ausgabe hat dank der tollen Resonanz bereits begonnen.<\/p>\n<p><b>\u00dcber das Gesundheitsnetz Osthessen: <\/b><\/p>\n<p>Das Gesundheitsnetz Osthessen ist eine eingetragene Genossenschaft, die inzwischen zwei Drittel der niedergelassenen \u00c4rzte aus Fulda und dem Landkreis repr\u00e4sentiert und deren Interessen vertritt.<\/p>\n","protected":false},"excerpt":{"rendered":"<div class=\"tmnf_excerpt\"><p>Fulda. Wer gesund bleiben m\u00f6chte, der tut gut daran sich \u00fcber die vielen M\u00f6glichkeiten eines gesunden Lebens auszutauschen und zu informieren. Die Chance dazu bot bereits zum vierten Mal der Osthessische Gesundheitstag in der Fuldaer Esperantohalle. Einmal mehr gelang es, ein gro\u00dfes Publikum zu informieren, zu unterhalten und an manchen Stellen zu \u00fcberraschen. Wie man &hellip;<\/p>\n<\/div>","protected":false},"author":1,"featured_media":0,"comment_status":"closed","ping_status":"closed","sticky":false,"template":"","format":"standard","meta":{"footnotes":""},"categories":[1,51,78],"tags":[],"class_list":["post-110755","post","type-post","status-publish","format-standard","hentry","category-startseite","category-medizin","category-topthema"],"_links":{"self":[{"href":"https:\/\/www.fuldaernachrichten.de\/index.php?rest_route=\/wp\/v2\/posts\/110755","targetHints":{"allow":["GET"]}}],"collection":[{"href":"https:\/\/www.fuldaernachrichten.de\/index.php?rest_route=\/wp\/v2\/posts"}],"about":[{"href":"https:\/\/www.fuldaernachrichten.de\/index.php?rest_route=\/wp\/v2\/types\/post"}],"author":[{"embeddable":true,"href":"https:\/\/www.fuldaernachrichten.de\/index.php?rest_route=\/wp\/v2\/users\/1"}],"replies":[{"embeddable":true,"href":"https:\/\/www.fuldaernachrichten.de\/index.php?rest_route=%2Fwp%2Fv2%2Fcomments&post=110755"}],"version-history":[{"count":0,"href":"https:\/\/www.fuldaernachrichten.de\/index.php?rest_route=\/wp\/v2\/posts\/110755\/revisions"}],"wp:attachment":[{"href":"https:\/\/www.fuldaernachrichten.de\/index.php?rest_route=%2Fwp%2Fv2%2Fmedia&parent=110755"}],"wp:term":[{"taxonomy":"category","embeddable":true,"href":"https:\/\/www.fuldaernachrichten.de\/index.php?rest_route=%2Fwp%2Fv2%2Fcategories&post=110755"},{"taxonomy":"post_tag","embeddable":true,"href":"https:\/\/www.fuldaernachrichten.de\/index.php?rest_route=%2Fwp%2Fv2%2Ftags&post=110755"}],"curies":[{"name":"wp","href":"https:\/\/api.w.org\/{rel}","templated":true}]}}