{"id":110753,"date":"2013-07-02T00:12:12","date_gmt":"2013-07-02T00:12:12","guid":{"rendered":"http:\/\/www.fuldaer-nachrichten.de\/?p=110753"},"modified":"2013-07-02T08:00:04","modified_gmt":"2013-07-02T08:00:04","slug":"vortrag-pflanzenwelt-und-landschaft-der-rhon","status":"publish","type":"post","link":"https:\/\/www.fuldaernachrichten.de\/?p=110753","title":{"rendered":"Vortrag: \u201ePflanzenwelt und Landschaft der Rh\u00f6n\u201c"},"content":{"rendered":"<p>Wasserkuppe. Buchautor Roland Szabo pr\u00e4sentiert am Sonntag, 21.07.2013 ab 14:00 Uhr einen Vortrag f\u00fcr Naturfreunde, Wanderer und Rh\u00f6nliebhaber. Interessierte lassen sich in die faszinierende Pflanzenwelt der Rh\u00f6n entf\u00fchren. Mittels Beamer werden Ihnen die typischen Pflanzen und die Landschaftsstrukturen der Rh\u00f6ner Hochlagen vorgestellt. Einer Landschaft, die Sinnbild ist f\u00fcr Urw\u00fcchsigkeit, Sch\u00f6nheit und eine gesunde, intakte Natur. Nach dem Vortrag, der im Groenhoff-Haus stattfindet, werden die Teilnehmer auf einem kurzen Rundgang \u00fcber die Wasserkuppe noch einige der Pflanzen direkt vor Ort kennenlernen.<\/p>\n","protected":false},"excerpt":{"rendered":"<div class=\"tmnf_excerpt\"><p>Wasserkuppe. Buchautor Roland Szabo pr\u00e4sentiert am Sonntag, 21.07.2013 ab 14:00 Uhr einen Vortrag f\u00fcr Naturfreunde, Wanderer und Rh\u00f6nliebhaber. Interessierte lassen sich in die faszinierende Pflanzenwelt der Rh\u00f6n entf\u00fchren. Mittels Beamer werden Ihnen die typischen Pflanzen und die Landschaftsstrukturen der Rh\u00f6ner Hochlagen vorgestellt. Einer Landschaft, die Sinnbild ist f\u00fcr Urw\u00fcchsigkeit, Sch\u00f6nheit und eine gesunde, intakte Natur. &hellip;<\/p>\n<\/div>","protected":false},"author":1,"featured_media":0,"comment_status":"closed","ping_status":"closed","sticky":false,"template":"","format":"standard","meta":{"footnotes":""},"categories":[1,52],"tags":[],"class_list":["post-110753","post","type-post","status-publish","format-standard","hentry","category-startseite","category-umwelt"],"_links":{"self":[{"href":"https:\/\/www.fuldaernachrichten.de\/index.php?rest_route=\/wp\/v2\/posts\/110753","targetHints":{"allow":["GET"]}}],"collection":[{"href":"https:\/\/www.fuldaernachrichten.de\/index.php?rest_route=\/wp\/v2\/posts"}],"about":[{"href":"https:\/\/www.fuldaernachrichten.de\/index.php?rest_route=\/wp\/v2\/types\/post"}],"author":[{"embeddable":true,"href":"https:\/\/www.fuldaernachrichten.de\/index.php?rest_route=\/wp\/v2\/users\/1"}],"replies":[{"embeddable":true,"href":"https:\/\/www.fuldaernachrichten.de\/index.php?rest_route=%2Fwp%2Fv2%2Fcomments&post=110753"}],"version-history":[{"count":1,"href":"https:\/\/www.fuldaernachrichten.de\/index.php?rest_route=\/wp\/v2\/posts\/110753\/revisions"}],"predecessor-version":[{"id":110754,"href":"https:\/\/www.fuldaernachrichten.de\/index.php?rest_route=\/wp\/v2\/posts\/110753\/revisions\/110754"}],"wp:attachment":[{"href":"https:\/\/www.fuldaernachrichten.de\/index.php?rest_route=%2Fwp%2Fv2%2Fmedia&parent=110753"}],"wp:term":[{"taxonomy":"category","embeddable":true,"href":"https:\/\/www.fuldaernachrichten.de\/index.php?rest_route=%2Fwp%2Fv2%2Fcategories&post=110753"},{"taxonomy":"post_tag","embeddable":true,"href":"https:\/\/www.fuldaernachrichten.de\/index.php?rest_route=%2Fwp%2Fv2%2Ftags&post=110753"}],"curies":[{"name":"wp","href":"https:\/\/api.w.org\/{rel}","templated":true}]}}