{"id":110751,"date":"2013-07-02T00:13:05","date_gmt":"2013-07-02T00:13:05","guid":{"rendered":"http:\/\/www.fuldaer-nachrichten.de\/?p=110751"},"modified":"2013-07-02T07:49:56","modified_gmt":"2013-07-02T07:49:56","slug":"seniorenveranstaltung-der-stadt-fulda-fuhrung-michaelskirche-und-schlossgarten","status":"publish","type":"post","link":"https:\/\/www.fuldaernachrichten.de\/?p=110751","title":{"rendered":"Seniorenveranstaltung der Stadt Fulda &#8211; F\u00fchrung Michaelskirche und Schlossgarten"},"content":{"rendered":"<p><b>Fulda.<\/b> F\u00fcr die \u00e4lteren Einwohnerinnen und Einwohner der Stadt Fulda wird am Dienstag, 16. Juli, um 14:00 Uhr eine F\u00fchrung durch die Michaelskirche angeboten. Die Michaelskirche z\u00e4hlt mit ihrer noch aus karolingischer Zeit stammenden Krypta zu den bedeutendsten mittelalterlichen Sakralbauten Deutschlands. Sie entstand in den Jahren 819 bis 822. Viele Fuldaer B\u00fcrger kennen Sie nur von au\u00dfen, aber sie ist auch von innen mit ihrer besonderen Atmosph\u00e4re mehr als einen Blick wert. Zur Planung ist eine vorherige Anmeldung erforderlich. Die Karten zum Preis von 1 Euro gibt es ab Donnerstag, 4. Juli, im B\u00fcrgerb\u00fcro im Stadtschloss.<\/p>\n<p>&nbsp;<\/p>\n","protected":false},"excerpt":{"rendered":"<div class=\"tmnf_excerpt\"><p>Fulda. F\u00fcr die \u00e4lteren Einwohnerinnen und Einwohner der Stadt Fulda wird am Dienstag, 16. Juli, um 14:00 Uhr eine F\u00fchrung durch die Michaelskirche angeboten. Die Michaelskirche z\u00e4hlt mit ihrer noch aus karolingischer Zeit stammenden Krypta zu den bedeutendsten mittelalterlichen Sakralbauten Deutschlands. Sie entstand in den Jahren 819 bis 822. Viele Fuldaer B\u00fcrger kennen Sie nur &hellip;<\/p>\n<\/div>","protected":false},"author":1,"featured_media":0,"comment_status":"closed","ping_status":"closed","sticky":false,"template":"","format":"standard","meta":{"footnotes":""},"categories":[1],"tags":[],"class_list":["post-110751","post","type-post","status-publish","format-standard","hentry","category-startseite"],"_links":{"self":[{"href":"https:\/\/www.fuldaernachrichten.de\/index.php?rest_route=\/wp\/v2\/posts\/110751","targetHints":{"allow":["GET"]}}],"collection":[{"href":"https:\/\/www.fuldaernachrichten.de\/index.php?rest_route=\/wp\/v2\/posts"}],"about":[{"href":"https:\/\/www.fuldaernachrichten.de\/index.php?rest_route=\/wp\/v2\/types\/post"}],"author":[{"embeddable":true,"href":"https:\/\/www.fuldaernachrichten.de\/index.php?rest_route=\/wp\/v2\/users\/1"}],"replies":[{"embeddable":true,"href":"https:\/\/www.fuldaernachrichten.de\/index.php?rest_route=%2Fwp%2Fv2%2Fcomments&post=110751"}],"version-history":[{"count":1,"href":"https:\/\/www.fuldaernachrichten.de\/index.php?rest_route=\/wp\/v2\/posts\/110751\/revisions"}],"predecessor-version":[{"id":110752,"href":"https:\/\/www.fuldaernachrichten.de\/index.php?rest_route=\/wp\/v2\/posts\/110751\/revisions\/110752"}],"wp:attachment":[{"href":"https:\/\/www.fuldaernachrichten.de\/index.php?rest_route=%2Fwp%2Fv2%2Fmedia&parent=110751"}],"wp:term":[{"taxonomy":"category","embeddable":true,"href":"https:\/\/www.fuldaernachrichten.de\/index.php?rest_route=%2Fwp%2Fv2%2Fcategories&post=110751"},{"taxonomy":"post_tag","embeddable":true,"href":"https:\/\/www.fuldaernachrichten.de\/index.php?rest_route=%2Fwp%2Fv2%2Ftags&post=110751"}],"curies":[{"name":"wp","href":"https:\/\/api.w.org\/{rel}","templated":true}]}}