{"id":110739,"date":"2013-07-02T00:13:41","date_gmt":"2013-07-02T00:13:41","guid":{"rendered":"http:\/\/www.fuldaer-nachrichten.de\/?p=110739"},"modified":"2013-07-02T07:32:45","modified_gmt":"2013-07-02T07:32:45","slug":"groser-erfolg-nacht-der-elemente-in-tann","status":"publish","type":"post","link":"https:\/\/www.fuldaernachrichten.de\/?p=110739","title":{"rendered":"Gro\u00dfer Erfolg: \u201eNacht der Elemente\u201c in Tann"},"content":{"rendered":"<p><img fetchpriority=\"high\" decoding=\"async\" class=\"alignleft size-thumbnail wp-image-110740\" alt=\"Kammerchor-Fulda\" src=\"http:\/\/www.fuldaer-nachrichten.de\/wp-content\/uploads\/2013\/07\/Kammerchor-Fulda-265x198.jpg\" width=\"265\" height=\"198\" srcset=\"https:\/\/www.fuldaernachrichten.de\/wp-content\/uploads\/2013\/07\/Kammerchor-Fulda-265x198.jpg 265w, https:\/\/www.fuldaernachrichten.de\/wp-content\/uploads\/2013\/07\/Kammerchor-Fulda.jpg 592w\" sizes=\"(max-width: 265px) 100vw, 265px\" \/>Tann. Feuer, Wasser, Erde und Luft bestimmen unser Leben. Das erfahren wir bei im Moment Wetterkapriolen besonders deutlich. Bei der \u201eNacht der Elemente\u201c, die am Samstagabend in der Tanner Stadtkirche stattfand, konnten zahlreiche Zuh\u00f6rer etwas von der \u201ePracht der Elemente\u201c \u2013 wie es der Tanner Pfarrer Kai Kleina in seiner Begr\u00fc\u00dfung sagte \u2013 erfahren. Vier Gruppen setzten sich eindrucksvoll und auf unterschiedliche Art und Weise mit diesen unverzichtbaren Grundlagen des Lebens auseinander \u2013 und das nicht nur musikalisch, sondern auch sprachlich, literarisch, cineastisch und kulinarisch.<!--more--><\/p>\n<p>Er\u00f6ffnet wurde der Abend vom Kammerchor Fulda unter der Leitung von Brigitte Lamohr. Die 25 bestens aufeinander abgestimmten S\u00e4ngerinnen und S\u00e4nger nahmen sich dem Element Wasser an: \u201eAqua sonans \u2013 klingendes Wasser\u201c betitelten sie ihr a-cappella-Programm und begaben sich auf eine musikalische Wassersuche durch Romantik und Moderne. Josef Gabriel Rheinbergers \u201eDie Wolken\u201c, \u201eDie Quelle\u201c, \u201eDer Strom\u201c und \u201eGewitter\u201c mischten sich rund und farbig in Peter Wittes \u201eNebel\u201c, der sich zu einer regelrechten \u201eWaterNight\u201c von Eric Whitacre entwickelte. Das abschlie\u00dfende \u201eLobet den Herrn\u201c von Knut Nystedt rundete das Programm herrlich ab.<\/p>\n<p>Auch das Saxonphonquartett \u201eSax and more\u201c begeisterte mit seinen Beitr\u00e4gen. Neben klassischen Werken aus dem Elementengenre (darunter H\u00e4ndels \u201eWassermusik\u201c sowie verschiedene Bachchor\u00e4le) lie\u00dfen Willi Gen\u00dfler (Sopransaxophon), Pia Sauer (Altsaxophon), Thorsten Hans (Tenorsaxophon) und Ute Kr\u00f6nung (Baritonsaxophon) auch fetzige Musik aus dem Jazz- und Popularbereich erklingen: Nacio Herb Browns \u201eSinging In The Rain\u201c, Bart Howards \u201eFly Me To The Moon\u201c und Michael Jacksons \u201eEarth Song\u201c. Der Titel \u201eRichtig hei\u00dfe Luft\u201c stand daher nicht nur Pate f\u00fcr die Blasinstrumente an sich, sondern auch f\u00fcr das einheizende Programm an einem nicht gerade warmen Sommerabend.<\/p>\n<p>Zu Meditationen in Wort und Musik luden Propst Bernd B\u00f6ttner (Hanau) und Studenten der Theologischen Fakult\u00e4t Fulda unter der Leitung von Prof. Dr. Markus Tomberg ein. Christian Pieper (Erde), Prof. Dr. Markus Tomberg (Luft), Rosemarie Reith (Feuer) und Julia Mikuda (Wasser) betrachteten die vier Elemente vor dem Hintergrund theologischer und biblischer \u00dcberlegungen. Propst Bernd B\u00f6ttner fasste diese Gedanken zusammen und f\u00fchrte sie weiter zu den christlichen Elementen Brot und Wein. Ute Kr\u00f6nung (Gesang, Saxophon) und Thomas N\u00fcdling (Piano, Orgel) meditierten musizierend mit Julie Golds \u201eFrom a distance\u201c, Frank Sinatras \u201eSummerwind\u201c, Sally deFords \u201eThe Lord is my light\u201c oder Dietrich Buxtehudes \u201eChrist, unser Herr, zum Jordan kam\u201c \u00fcber die betrachteten Elemente.<\/p>\n<p>Ein ruhiger, aber bildgewaltiger Abschluss gelang dem Kinoteam der Kirchengemeinde Tann. Sabine und Rolf Zacher sowie Corinna und Konrad K\u00fchn zeigten \u201eUnsere Ozeane\u201c (2009) von Jacques Perrin und Jacques Cluzaud. Eindrucksvoll wurde deutlich, wie sich Leben aus dem Wasser entwickelt und welche Lebensvielfalt das Meer beherbergt.<br \/>\nVor der Stadtkirche sorgte das \u201eStadtcaf\u00e9 H\u00fcnfeld\u201c f\u00fcr kulinarische Leckereien. Erm\u00f6glicht wurde die \u201eNacht der Elemente\u201c im Rahmen des Tanner Musiksommers durch die freundliche Unterst\u00fctzung des Kultursommers Main-Kinzig-Fulda.<\/p>\n","protected":false},"excerpt":{"rendered":"<div class=\"tmnf_excerpt\"><p>Tann. Feuer, Wasser, Erde und Luft bestimmen unser Leben. Das erfahren wir bei im Moment Wetterkapriolen besonders deutlich. Bei der \u201eNacht der Elemente\u201c, die am Samstagabend in der Tanner Stadtkirche stattfand, konnten zahlreiche Zuh\u00f6rer etwas von der \u201ePracht der Elemente\u201c \u2013 wie es der Tanner Pfarrer Kai Kleina in seiner Begr\u00fc\u00dfung sagte \u2013 erfahren. Vier &hellip;<\/p>\n<\/div>","protected":false},"author":1,"featured_media":0,"comment_status":"closed","ping_status":"closed","sticky":false,"template":"","format":"standard","meta":{"footnotes":""},"categories":[1,44],"tags":[],"class_list":["post-110739","post","type-post","status-publish","format-standard","hentry","category-startseite","category-kultur"],"_links":{"self":[{"href":"https:\/\/www.fuldaernachrichten.de\/index.php?rest_route=\/wp\/v2\/posts\/110739","targetHints":{"allow":["GET"]}}],"collection":[{"href":"https:\/\/www.fuldaernachrichten.de\/index.php?rest_route=\/wp\/v2\/posts"}],"about":[{"href":"https:\/\/www.fuldaernachrichten.de\/index.php?rest_route=\/wp\/v2\/types\/post"}],"author":[{"embeddable":true,"href":"https:\/\/www.fuldaernachrichten.de\/index.php?rest_route=\/wp\/v2\/users\/1"}],"replies":[{"embeddable":true,"href":"https:\/\/www.fuldaernachrichten.de\/index.php?rest_route=%2Fwp%2Fv2%2Fcomments&post=110739"}],"version-history":[{"count":0,"href":"https:\/\/www.fuldaernachrichten.de\/index.php?rest_route=\/wp\/v2\/posts\/110739\/revisions"}],"wp:attachment":[{"href":"https:\/\/www.fuldaernachrichten.de\/index.php?rest_route=%2Fwp%2Fv2%2Fmedia&parent=110739"}],"wp:term":[{"taxonomy":"category","embeddable":true,"href":"https:\/\/www.fuldaernachrichten.de\/index.php?rest_route=%2Fwp%2Fv2%2Fcategories&post=110739"},{"taxonomy":"post_tag","embeddable":true,"href":"https:\/\/www.fuldaernachrichten.de\/index.php?rest_route=%2Fwp%2Fv2%2Ftags&post=110739"}],"curies":[{"name":"wp","href":"https:\/\/api.w.org\/{rel}","templated":true}]}}