{"id":110726,"date":"2013-07-02T00:19:15","date_gmt":"2013-07-02T00:19:15","guid":{"rendered":"http:\/\/www.fuldaer-nachrichten.de\/?p=110726"},"modified":"2013-07-02T07:23:46","modified_gmt":"2013-07-02T07:23:46","slug":"125-jahre-im-unternehmen-gwv-ehrt-funf-jubilare","status":"publish","type":"post","link":"https:\/\/www.fuldaernachrichten.de\/?p=110726","title":{"rendered":"125 Jahre im Unternehmen:  GWV ehrt f\u00fcnf Jubilare"},"content":{"rendered":"<div id=\"attachment_110728\" style=\"width: 570px\" class=\"wp-caption alignnone\"><img fetchpriority=\"high\" decoding=\"async\" aria-describedby=\"caption-attachment-110728\" class=\"size-full wp-image-110728\" alt=\"GWV Gesch\u00e4ftsf\u00fchrer Martin Heun, Vertriebsleiter Klaus Moll, Lothar Hohmann, Anja Seifert, Norbert Schmitt, Werner Breidung, Technische Leiterin Sylvia Bienert und Betriebsratsvorsitzender Andreas K\u00f6rber (von links).\" src=\"http:\/\/www.fuldaer-nachrichten.de\/wp-content\/uploads\/2013\/07\/DSC_03851.jpg\" width=\"560\" height=\"353\" \/><p id=\"caption-attachment-110728\" class=\"wp-caption-text\">GWV Gesch\u00e4ftsf\u00fchrer Martin Heun, Vertriebsleiter Klaus Moll, Lothar Hohmann, Anja Seifert, Norbert Schmitt, Werner Breidung, Technische Leiterin Sylvia Bienert und Betriebsratsvorsitzender Andreas K\u00f6rber (von links).<\/p><\/div>\n<p>Fulda. In diesem Jahr begeht die Gas- und Wasserversorgung Fulda GmbH das Jubil\u00e4um \u201e125 Jahre Wasser (f\u00fcr die Region)\u201c. Und zusammen genau 125 Jahre bringen auch die f\u00fcnf Jubilare auf die Waage, die in diesen Tagen geehrt wurden. Alle sind jeweils seit einem Vierteljahrhundert im Unternehmen.<\/p>\n<p><b>Werner Breidung<\/b> (wohnhaft in Weyhers) ist gelernter Landmaschinen\u00c2\u00admechaniker und seit dem Juli 1988 bei der GWV t\u00e4tig. Seine Kernauf\u00c2\u00adgaben sind Unterhaltung und Instandhaltung der zahlreichen Kraftfahr\u00c2\u00adzeuge und Anh\u00e4nger sowie das Geb\u00e4udemanagement einschlie\u00dflich der Schl\u00fcsselverwaltung. In dieser Funktion koordiniert Herr Breidung auch die Arbeiten von Fremdunternehmen auf dem Firmengel\u00e4nde. In seiner Freizeit restauriert der Familienvater mit Begeisterung Oldtimer-Traktoren.<\/p>\n<p><b>Lothar Hohmann<\/b> (Fulda-Haimbach) machte nach vier Jahren Bundes\u00c2\u00adwehr eine Ausbildung zum Gas- und Wasserinstallateur und arbeitete zun\u00e4chst in einem heimischen Handwerksbetrieb. Im Februar 1988 kam er zur GWV, wo er heute in einem der flexiblen Service-Teams eingesetzt ist. Hauptaufgaben sind die Verlegung und Reparatur von Gas- und Wasseranschl\u00fcssen, die Durchf\u00fchrung von Rohrnetzana\u00c2\u00adlysen sowie das Auswechseln von Wasserz\u00e4hlern gem\u00e4\u00df den Vorgaben des Eichgesetzes. Zu seinen Hobbys geh\u00f6rt die Aquaristik, so dass er selbst in der Freizeit noch mit GWV-Wasser zu tun hat.<\/p>\n<p><b>Klaus Moll <\/b>(Fulda-Johannesberg) absolvierte ein Studium der Versorgungstechnik an der Fachhochschule des Landes Rheinland-Pfalz (Abschluss. Dipl.-Ing.). Nach einem Jahr als Ingenieur bei den Stadtwerken W\u00fcrzburg trat er im Juli 1988 als Abteilungsleiter \u201eTechnik Gas und Wasser\u201c in die GWV ein. 1993 wurde er Handlungsbevollm\u00e4chtigter und erwarb im selben Jahr an der Hochschule f\u00fcr Berufst\u00e4tige in Rendsburg den Abschluss des Diplom-Wirtschaftsingenieurs. Seit 2000 ist Klaus Moll Bereichsleiter Vertrieb und Energieeinkauf. Seine knapp bemessene Freizeit geh\u00f6rt der Familie und im Winter f\u00e4hrt er gerne Ski.<\/p>\n<p><b>Norbert Schmitt<\/b> (Hosenfeld) ist gelernter Elektroinstallateur und kam nach Jahren bei der Bundeswehr und in einem heimischen Installationsbetrieb im April 1988 zur GWV. Seit 1990 ist er in der Elektroabteilung t\u00e4tig. Wesentliche Aufgaben sind hier die Instandhaltung der elektrotechnischen Anlagen an den verschiedenen Standorten, einschlie\u00dflich der Fernheizwerke und B\u00e4der, ebenso die Reparatur von Elektroger\u00e4ten sowie Arbeiten an Telefonanlagen, Netzwerksystemen sowie der Aufbau und Anschluss elektrischer Steuerungen. Seine Freizeit geh\u00f6rt ganz dem Fu\u00dfball, unter anderem als Platzwart in Hosenfeld.<\/p>\n<p><b>Anja Seifert <\/b>(Fulda-Sickels)<b> <\/b>machte eine Ausbildung als Bauzeich\u00c2\u00adnerin im Hess. Stra\u00dfenbauamt und trat dann im Juli 1988 bei der GWV eine Stelle als Bauzeichnerin in der heutigen Abteilung Netzdoku\u00c2\u00admentation an. Hier war Frau Seifert verantwortlich f\u00fcr den Aufbau der Hausanschlussverwaltung sowie der Bestands- und \u00dcbersichtspl\u00e4ne in digitaler Form. Im Laufe der Jahre wurde das digitale Planwerk dank immer leistungsf\u00e4higerer Software kontinuierlich perfektioniert. Damit war und ist die Bearbeitung und Fortf\u00fchrung von Bestandspl\u00e4nen eine ihrer Daueraufgaben. Ihre freie Zeit widmet Anja Seifert Familie, Sport und Garten.<\/p>\n<p>Betriebsrat und Unternehmensleitung dankten den Jubilaren f\u00fcr ihren langj\u00e4hrigen Einsatz f\u00fcr das Unternehmen und w\u00fcnschten ihnen alles Gute f\u00fcr die Zukunft.<\/p>\n","protected":false},"excerpt":{"rendered":"<div class=\"tmnf_excerpt\"><p>Fulda. In diesem Jahr begeht die Gas- und Wasserversorgung Fulda GmbH das Jubil\u00e4um \u201e125 Jahre Wasser (f\u00fcr die Region)\u201c. Und zusammen genau 125 Jahre bringen auch die f\u00fcnf Jubilare auf die Waage, die in diesen Tagen geehrt wurden. Alle sind jeweils seit einem Vierteljahrhundert im Unternehmen. Werner Breidung (wohnhaft in Weyhers) ist gelernter Landmaschinen\u00c2\u00admechaniker und &hellip;<\/p>\n<\/div>","protected":false},"author":1,"featured_media":0,"comment_status":"closed","ping_status":"closed","sticky":false,"template":"","format":"standard","meta":{"footnotes":""},"categories":[1],"tags":[],"class_list":["post-110726","post","type-post","status-publish","format-standard","hentry","category-startseite"],"_links":{"self":[{"href":"https:\/\/www.fuldaernachrichten.de\/index.php?rest_route=\/wp\/v2\/posts\/110726","targetHints":{"allow":["GET"]}}],"collection":[{"href":"https:\/\/www.fuldaernachrichten.de\/index.php?rest_route=\/wp\/v2\/posts"}],"about":[{"href":"https:\/\/www.fuldaernachrichten.de\/index.php?rest_route=\/wp\/v2\/types\/post"}],"author":[{"embeddable":true,"href":"https:\/\/www.fuldaernachrichten.de\/index.php?rest_route=\/wp\/v2\/users\/1"}],"replies":[{"embeddable":true,"href":"https:\/\/www.fuldaernachrichten.de\/index.php?rest_route=%2Fwp%2Fv2%2Fcomments&post=110726"}],"version-history":[{"count":0,"href":"https:\/\/www.fuldaernachrichten.de\/index.php?rest_route=\/wp\/v2\/posts\/110726\/revisions"}],"wp:attachment":[{"href":"https:\/\/www.fuldaernachrichten.de\/index.php?rest_route=%2Fwp%2Fv2%2Fmedia&parent=110726"}],"wp:term":[{"taxonomy":"category","embeddable":true,"href":"https:\/\/www.fuldaernachrichten.de\/index.php?rest_route=%2Fwp%2Fv2%2Fcategories&post=110726"},{"taxonomy":"post_tag","embeddable":true,"href":"https:\/\/www.fuldaernachrichten.de\/index.php?rest_route=%2Fwp%2Fv2%2Ftags&post=110726"}],"curies":[{"name":"wp","href":"https:\/\/api.w.org\/{rel}","templated":true}]}}