{"id":110711,"date":"2013-07-01T09:53:53","date_gmt":"2013-07-01T09:53:53","guid":{"rendered":"http:\/\/www.fuldaer-nachrichten.de\/?p=110711"},"modified":"2013-07-01T09:53:53","modified_gmt":"2013-07-01T09:53:53","slug":"bewegende-momente-bei-der-verabschiedung-von-ottmar-kluber-pflegedirektor-des-heilig-geist-seniorenzentrums","status":"publish","type":"post","link":"https:\/\/www.fuldaernachrichten.de\/?p=110711","title":{"rendered":"Bewegende Momente bei der Verabschiedung von Ottmar Kl\u00fcber, Pflegedirektor des Heilig Geist Seniorenzentrums"},"content":{"rendered":"<p><img fetchpriority=\"high\" decoding=\"async\" class=\"alignnone size-full wp-image-110712\" alt=\"Verabschiedung-Ottmar-Klu\u00cc\u02c6ber_DSC_0532\" src=\"http:\/\/www.fuldaer-nachrichten.de\/wp-content\/uploads\/2013\/07\/Verabschiedung-Ottmar-Klu\u00cc\u02c6ber_DSC_0532.jpg\" width=\"560\" height=\"363\" \/><\/p>\n<p>Fulda. Mit anhaltendem Beifall und sehr pers\u00f6nlichen Worten wurde gestern der langj\u00e4hrige Pflegedirektor des Heilig Geist Seniorenzentrums, Ottmar Kl\u00fcbern (2.v.li), von den Mitarbeitern, Bewohnern, Vertretern des Klinikums Fulda und Weggef\u00e4hrten in den Ruhestand verabschiedet. Der Festsaal im Heilig Geist Seniorenzentrum war gut gef\u00fcllt \u2013 zahlreiche G\u00e4ste kamen, um Ottmar Kl\u00fcber nach den vielen Jahren der T\u00e4tigkeit im Klinikum Fulda und nach 22 Jahren erfolgreicher Arbeit in der Altenpflege einen wohlverdienten Vorruhestand zu w\u00fcnschen.<!--more--><\/p>\n<p>Neben den beiden Gesch\u00e4ftsf\u00fchrern der Klinikum Fulda Seniorenzentren GmbH, Frau Latifa Karrmebo-P\u00f6the und Dietmar Pawlik, sprachen auch Wigbert Wahl (Leiter der Stiftung Mutter-Teresa-Seniorenpflegeheim in Neuhof), Frau Anne Neiss (Einrichtungsleiterin des St. Lioba Seniorenzentrums) und die Betriebsratsvorsitzende Bettina Rachele Dankesworte aus.<\/p>\n<p>\u201eIch habe Sie kennen und sch\u00e4tzen gelernt als geradlinigen, werteorientierten Menschen mit viel Empathie f\u00fcr die Mitarbeiterinnen und Mitarbeiter und Ihnen anvertrauten Menschen. F\u00fcr die Hilfen, Anregungen und Diskussionen in der kurzen Zeit der Zusammenarbeit m\u00f6chte ich Ihnen ganz pers\u00f6nlich danken\u201c, so Dietmar Pawlik. Der ehemalige Einrichtungsleiter Gerhard Dehler bedankte sich bei Ottmar Kl\u00fcber f\u00fcr 20 gemeinsame und erfolgreiche Jahre in der F\u00fchrung des St\u00e4dtischen Seniorenzentrums St. Vinzenz und des Heilig Geist Seniorenzentrums.<\/p>\n<p>Ottmar Kl\u00fcber war nach seiner Ausbildung zum Krankenpfleger in der Klinik f\u00fcr Orthop\u00e4die und Unfallchirurgie im Klinikum Fulda t\u00e4tig, bevor er im Juni 1991 die Position des Pflegedienstleiters im Altenzentrum St. Vinzent \u00fcbernahm. Im Laufe seiner T\u00e4tigkeit stellte er sich verschiedenen Herausforderungen: 1995 wurde die Pflegeversicherung eingef\u00fchrt, deren Umsetzung Ottmar Kl\u00fcber im St. Vinzent vollzogen hat. Im Jahr 2000 wurde seitens des Tr\u00e4gers Stadt Fulda entschieden, den Standort St. Vinzent aufzugeben und das Heilig Geist Seniorenzentrum in die Tr\u00e4gerschaft zu \u00fcbernehmen.<\/p>\n<p>Die Umsetzung in 2003 und die damit verbundenen Herausforderungen, wie der Aufl\u00f6sung, des Umzuges, der Verteilung der Bewohner und des Personals auf verschiedene Einrichtungen, wurden damals gemeinsam von Gerhard Dehler und Ottmar Kl\u00fcber\u00c2\u00a0 bew\u00e4ltigt. In diese Zeit fiel auch die Entscheidung der Stadt Fulda, sich aus der Tr\u00e4gerschaft des Heilig Geist zur\u00fcckzuziehen und das Seniorenzentrum in Tr\u00e4gerschaft des Klinikums Fulda zu \u00fcberf\u00fchren. Im Rahmen der Entscheidung, das Seniorenzentrum zertifizieren zu lassen, hat Ottmar Kl\u00fcber zudem die Aufgabe des Zertifizierungsbeauftragten \u00fcbernommen und in dem Haus ein Qualit\u00e4tsmanagement aufgebaut. Er hatte einen gro\u00dfen Anteil daran, dass das Heilig Geist vom Medizinischen Dienst der Krankenkassen (MDK) mit der Note 1,0 ausgezeichnet wurde.<\/p>\n<p>Ein wichtiges Thema war ihm auch immer die Aus- und Weiterbildung der Mitarbeiter, die gemeinsam mit der Caritas-Altenpflegeschule und dem Bonifatiushaus Fulda gestaltet werden konnte. Neben vielen anderen Posten hat er das Amt des Hygienebeauftragten inne gehabt. \u201eOttmar Kl\u00fcber hat sich als Pflegedienstleiter als kluger Stratege ausgezeichnet, der sich durch hervorragende Sach- und Fachkenntnis\u00c2\u00a0 den Respekt und die Anerkennung seiner Vorgesetzten, Mitarbeiter, Heimbewohner und Angeh\u00f6rigen erworben hat\u201c, f\u00fchrte Gerhard Dehler aus. Er war f\u00fcr die Mitarbeiter kein Vorgesetzter, sondern ein \u201eVorangeher\u201c, gerade bei schwierigen Aufgaben und Problemen.<\/p>\n<p>\u201eEr konnte mitrei\u00dfen, begeistern, sehr gut argumentieren und motivieren\u201c, lobte Dehler weiter. Ottmar Kl\u00fcber war nach den vielen Reden, Danksagungen und Darbietungen sichtlich ger\u00fchrt: \u201eEs ist f\u00fcr mich der richtige Zeitpunkt zu gehen: Die Verantwortung der Einrichtung liegt bei Frau Karrmebo-P\u00f6the und Herrn Pawlik in guten H\u00e4nden und ich kann entspannt einen Generationswechsel vornehmen und mein Zepter an meinen Nachfolger Herrn Daniel Funke \u00fcbergeben\u201c.<\/p>\n<p>Foto: Barbara Froese<\/p>\n","protected":false},"excerpt":{"rendered":"<div class=\"tmnf_excerpt\"><p>Fulda. Mit anhaltendem Beifall und sehr pers\u00f6nlichen Worten wurde gestern der langj\u00e4hrige Pflegedirektor des Heilig Geist Seniorenzentrums, Ottmar Kl\u00fcbern (2.v.li), von den Mitarbeitern, Bewohnern, Vertretern des Klinikums Fulda und Weggef\u00e4hrten in den Ruhestand verabschiedet. Der Festsaal im Heilig Geist Seniorenzentrum war gut gef\u00fcllt \u2013 zahlreiche G\u00e4ste kamen, um Ottmar Kl\u00fcber nach den vielen Jahren der &hellip;<\/p>\n<\/div>","protected":false},"author":1,"featured_media":0,"comment_status":"closed","ping_status":"closed","sticky":false,"template":"","format":"standard","meta":{"footnotes":""},"categories":[1,51],"tags":[],"class_list":["post-110711","post","type-post","status-publish","format-standard","hentry","category-startseite","category-medizin"],"_links":{"self":[{"href":"https:\/\/www.fuldaernachrichten.de\/index.php?rest_route=\/wp\/v2\/posts\/110711","targetHints":{"allow":["GET"]}}],"collection":[{"href":"https:\/\/www.fuldaernachrichten.de\/index.php?rest_route=\/wp\/v2\/posts"}],"about":[{"href":"https:\/\/www.fuldaernachrichten.de\/index.php?rest_route=\/wp\/v2\/types\/post"}],"author":[{"embeddable":true,"href":"https:\/\/www.fuldaernachrichten.de\/index.php?rest_route=\/wp\/v2\/users\/1"}],"replies":[{"embeddable":true,"href":"https:\/\/www.fuldaernachrichten.de\/index.php?rest_route=%2Fwp%2Fv2%2Fcomments&post=110711"}],"version-history":[{"count":1,"href":"https:\/\/www.fuldaernachrichten.de\/index.php?rest_route=\/wp\/v2\/posts\/110711\/revisions"}],"predecessor-version":[{"id":110713,"href":"https:\/\/www.fuldaernachrichten.de\/index.php?rest_route=\/wp\/v2\/posts\/110711\/revisions\/110713"}],"wp:attachment":[{"href":"https:\/\/www.fuldaernachrichten.de\/index.php?rest_route=%2Fwp%2Fv2%2Fmedia&parent=110711"}],"wp:term":[{"taxonomy":"category","embeddable":true,"href":"https:\/\/www.fuldaernachrichten.de\/index.php?rest_route=%2Fwp%2Fv2%2Fcategories&post=110711"},{"taxonomy":"post_tag","embeddable":true,"href":"https:\/\/www.fuldaernachrichten.de\/index.php?rest_route=%2Fwp%2Fv2%2Ftags&post=110711"}],"curies":[{"name":"wp","href":"https:\/\/api.w.org\/{rel}","templated":true}]}}