{"id":110671,"date":"2013-07-01T06:47:07","date_gmt":"2013-07-01T06:47:07","guid":{"rendered":"http:\/\/www.fuldaer-nachrichten.de\/?p=110671"},"modified":"2013-07-01T07:49:27","modified_gmt":"2013-07-01T07:49:27","slug":"obama-flut-und-sonne-satt-mitglieder-des-stadtjugendparlaments-lauterbach-zu-gast-in-berlin","status":"publish","type":"post","link":"https:\/\/www.fuldaernachrichten.de\/?p=110671","title":{"rendered":"Obama, Flut und Sonne satt &#8211; Mitglieder des Stadtjugendparlaments Lauterbach zu Gast in Berlin"},"content":{"rendered":"<p><img fetchpriority=\"high\" decoding=\"async\" class=\"alignleft size-thumbnail wp-image-110672\" alt=\"IMG_0542\" src=\"http:\/\/www.fuldaer-nachrichten.de\/wp-content\/uploads\/2013\/07\/IMG_0542-265x198.jpg\" width=\"265\" height=\"198\" srcset=\"https:\/\/www.fuldaernachrichten.de\/wp-content\/uploads\/2013\/07\/IMG_0542-265x198.jpg 265w, https:\/\/www.fuldaernachrichten.de\/wp-content\/uploads\/2013\/07\/IMG_0542.jpg 600w\" sizes=\"(max-width: 265px) 100vw, 265px\" \/>Lauterbach\/Berlin. Gemeinsam mit 40 Mitreisenden aus dem Kreis Gie\u00dfen waren 7 Mitglieder des Stadtjugendparlaments Lauterbach mit dem Stadtjugendpfleger zu Gast in Berlin. Eingeladen hatte der Bundestagesabgeordnete Hermann Otto Solms. Auf dem Programm des viert\u00e4gigen Aufenthalts in der Hauptstadt standen ein Besuch im Entwicklungshilfeministerium, der Preu\u00dfische Landtag &#8211; heute Abgeordnetenhaus Berlin, ein Besuch des Reichstages mit einem Informationsgespr\u00e4ch mit Herrn Solms, eine Stadtrundfahrt, der Tr\u00e4nenpalast, der Bendlerblock und die Ausstellung Topographie des Terrors.<!--more--><\/p>\n<p>Besonders interessant war der Besuch des Tr\u00e4nenpalastes, der zu DDR Zeiten als Grenzkontrollstelle, unter anderem auch f\u00fcr ausreisewillige Ostberliner fungierte. F\u00fcr die teilnehmenden Jugendlichen, alle nach dem Fall der Mauer geboren, war das Geschichte aus dem Museum bzw. Lehrbuch, die anderen Teilnehmer der Informationsfahrt dagegen waren Zeitzeugen der Teilung und somit lebendige Geschichte f\u00fcr die Jugendlichen. Daraus entwickelten sich interessante Gespr\u00e4che.\u00c2\u00a0 Die Ausstellung Topographie des Terrors lieferte den Jugendlichen bedenkenswertes Material f\u00fcr die Gestaltung des Pogromgedenkens.<\/p>\n<p>Trotz sengender Sonne, dem Obama-Besuch und Hochwasser-Transportversp\u00e4tungsproblemen blieb den Jugendlichen des Stadtjugendparlaments auch Zeit, Berlin ein bisschen auf eigene Faust zu erkunden. \u201eHauptstadtluft f\u00fcr 4 Tage ist ok, aber jetzt freue ich mich wieder auf Lauterbach und mein Bett\u201c war das Fazit nach vier sehr informativen und eindrucksvollen Tagen in Berlin.<\/p>\n","protected":false},"excerpt":{"rendered":"<div class=\"tmnf_excerpt\"><p>Lauterbach\/Berlin. Gemeinsam mit 40 Mitreisenden aus dem Kreis Gie\u00dfen waren 7 Mitglieder des Stadtjugendparlaments Lauterbach mit dem Stadtjugendpfleger zu Gast in Berlin. Eingeladen hatte der Bundestagesabgeordnete Hermann Otto Solms. Auf dem Programm des viert\u00e4gigen Aufenthalts in der Hauptstadt standen ein Besuch im Entwicklungshilfeministerium, der Preu\u00dfische Landtag &#8211; heute Abgeordnetenhaus Berlin, ein Besuch des Reichstages mit &hellip;<\/p>\n<\/div>","protected":false},"author":1,"featured_media":0,"comment_status":"closed","ping_status":"closed","sticky":false,"template":"","format":"standard","meta":{"footnotes":""},"categories":[1],"tags":[],"class_list":["post-110671","post","type-post","status-publish","format-standard","hentry","category-startseite"],"_links":{"self":[{"href":"https:\/\/www.fuldaernachrichten.de\/index.php?rest_route=\/wp\/v2\/posts\/110671","targetHints":{"allow":["GET"]}}],"collection":[{"href":"https:\/\/www.fuldaernachrichten.de\/index.php?rest_route=\/wp\/v2\/posts"}],"about":[{"href":"https:\/\/www.fuldaernachrichten.de\/index.php?rest_route=\/wp\/v2\/types\/post"}],"author":[{"embeddable":true,"href":"https:\/\/www.fuldaernachrichten.de\/index.php?rest_route=\/wp\/v2\/users\/1"}],"replies":[{"embeddable":true,"href":"https:\/\/www.fuldaernachrichten.de\/index.php?rest_route=%2Fwp%2Fv2%2Fcomments&post=110671"}],"version-history":[{"count":1,"href":"https:\/\/www.fuldaernachrichten.de\/index.php?rest_route=\/wp\/v2\/posts\/110671\/revisions"}],"predecessor-version":[{"id":110673,"href":"https:\/\/www.fuldaernachrichten.de\/index.php?rest_route=\/wp\/v2\/posts\/110671\/revisions\/110673"}],"wp:attachment":[{"href":"https:\/\/www.fuldaernachrichten.de\/index.php?rest_route=%2Fwp%2Fv2%2Fmedia&parent=110671"}],"wp:term":[{"taxonomy":"category","embeddable":true,"href":"https:\/\/www.fuldaernachrichten.de\/index.php?rest_route=%2Fwp%2Fv2%2Fcategories&post=110671"},{"taxonomy":"post_tag","embeddable":true,"href":"https:\/\/www.fuldaernachrichten.de\/index.php?rest_route=%2Fwp%2Fv2%2Ftags&post=110671"}],"curies":[{"name":"wp","href":"https:\/\/api.w.org\/{rel}","templated":true}]}}