{"id":110663,"date":"2013-07-01T00:35:27","date_gmt":"2013-07-01T00:35:27","guid":{"rendered":"http:\/\/www.fuldaer-nachrichten.de\/?p=110663"},"modified":"2013-07-01T07:40:02","modified_gmt":"2013-07-01T07:40:02","slug":"ziel-zukunft-abschlussfeier-der-berufsfachschuler-in-hilders","status":"publish","type":"post","link":"https:\/\/www.fuldaernachrichten.de\/?p=110663","title":{"rendered":"Ziel: Zukunft &#8211; Abschlussfeier der Berufsfachsch\u00fcler in Hilders"},"content":{"rendered":"<p><img decoding=\"async\" class=\"alignleft size-thumbnail wp-image-110664\" alt=\"D7H_8909\" src=\"http:\/\/www.fuldaer-nachrichten.de\/wp-content\/uploads\/2013\/07\/D7H_8909-265x176.jpg\" width=\"265\" height=\"176\" srcset=\"https:\/\/www.fuldaernachrichten.de\/wp-content\/uploads\/2013\/07\/D7H_8909-265x176.jpg 265w, https:\/\/www.fuldaernachrichten.de\/wp-content\/uploads\/2013\/07\/D7H_8909.jpg 592w\" sizes=\"(max-width: 265px) 100vw, 265px\" \/>Hilders. &#8220;Herzlich Willkommen an Bord des Fluges 11 HBFS, Ziel Zukunft&#8221;. So wurden am Donnerstag, 27.6., die Eltern und Lehrer von den Sch\u00fclerinnen und Sch\u00fclern der Berufsfachschule an der Konrad-Zuse-Schule in Hilders zur Abschlussfeier begr\u00fc\u00dft, bevor sie sich gemeinsam auf die Reise machten.<!--more--><\/p>\n<p>Mit viel M\u00fche und Liebe hatte die Klasse ihre eigene Abschlussfeier geplant und Eltern und Lehrer \u00fcberrascht. Unter dem Motto \u201eFlug in die Zukunft\u201c wurden alle mit auf einen kurzweiligen Flug genommen. Nach erfolgten Sicherheitshinweisen, der sehr erheiternden Demonstration von Beatmungsstrohhalmen und Rettungsschirmchen konnte die Reise losgehen. Bei einem planm\u00e4\u00dfigen Zwischenstopp auf einer einsamen Insel vertrieben sich alle die Zeit damit, das Gep\u00e4ck der Passagiere der Business-Class, den unterrichtenden Lehrern, zu untersuchen.<\/p>\n<p><img decoding=\"async\" class=\"alignleft size-thumbnail wp-image-110666\" alt=\"D7H_9088\" src=\"http:\/\/www.fuldaer-nachrichten.de\/wp-content\/uploads\/2013\/07\/D7H_9088-265x176.jpg\" width=\"265\" height=\"176\" srcset=\"https:\/\/www.fuldaernachrichten.de\/wp-content\/uploads\/2013\/07\/D7H_9088-265x176.jpg 265w, https:\/\/www.fuldaernachrichten.de\/wp-content\/uploads\/2013\/07\/D7H_9088.jpg 592w\" sizes=\"(max-width: 265px) 100vw, 265px\" \/> <img decoding=\"async\" class=\"alignleft size-thumbnail wp-image-110665\" alt=\"D7H_9052\" src=\"http:\/\/www.fuldaer-nachrichten.de\/wp-content\/uploads\/2013\/07\/D7H_9052-265x176.jpg\" width=\"265\" height=\"176\" srcset=\"https:\/\/www.fuldaernachrichten.de\/wp-content\/uploads\/2013\/07\/D7H_9052-265x176.jpg 265w, https:\/\/www.fuldaernachrichten.de\/wp-content\/uploads\/2013\/07\/D7H_9052.jpg 592w\" sizes=\"(max-width: 265px) 100vw, 265px\" \/><\/p>\n<p>&nbsp;<\/p>\n<p>&nbsp;<\/p>\n<p>&nbsp;<\/p>\n<p>&nbsp;<br \/>\nEine rosa Krawatte, einen Teddy gegen Flugangst, Pizzagutschein, Flip Flops: Mit viel Hingabe hatte die Klasse die kleinen und gro\u00dfen Marotten ihrer Lehrer beobachtet und passende Geschenke besorgt.<br \/>\nEine Pr\u00e4sentation von Bildern der vergangenen zwei Jahre diente als Bordprogramm und auch f\u00fcr musikalische Unterhaltung war gesorgt.<\/p>\n<p>Die Gru\u00dfworte von Schulleiter und Klassensprecherin wurden spontan an das Motto des Tages angepasst und die Zeugnisse verteilt. Dabei wurde auch der Preis f\u00fcr den Klassenbesten, Nico Knacker, \u00fcberreicht.<\/p>\n","protected":false},"excerpt":{"rendered":"<div class=\"tmnf_excerpt\"><p>Hilders. &#8220;Herzlich Willkommen an Bord des Fluges 11 HBFS, Ziel Zukunft&#8221;. So wurden am Donnerstag, 27.6., die Eltern und Lehrer von den Sch\u00fclerinnen und Sch\u00fclern der Berufsfachschule an der Konrad-Zuse-Schule in Hilders zur Abschlussfeier begr\u00fc\u00dft, bevor sie sich gemeinsam auf die Reise machten.<\/p>\n<\/div>","protected":false},"author":1,"featured_media":0,"comment_status":"closed","ping_status":"closed","sticky":false,"template":"","format":"standard","meta":{"footnotes":""},"categories":[1,53],"tags":[],"class_list":["post-110663","post","type-post","status-publish","format-standard","hentry","category-startseite","category-bildung"],"_links":{"self":[{"href":"https:\/\/www.fuldaernachrichten.de\/index.php?rest_route=\/wp\/v2\/posts\/110663","targetHints":{"allow":["GET"]}}],"collection":[{"href":"https:\/\/www.fuldaernachrichten.de\/index.php?rest_route=\/wp\/v2\/posts"}],"about":[{"href":"https:\/\/www.fuldaernachrichten.de\/index.php?rest_route=\/wp\/v2\/types\/post"}],"author":[{"embeddable":true,"href":"https:\/\/www.fuldaernachrichten.de\/index.php?rest_route=\/wp\/v2\/users\/1"}],"replies":[{"embeddable":true,"href":"https:\/\/www.fuldaernachrichten.de\/index.php?rest_route=%2Fwp%2Fv2%2Fcomments&post=110663"}],"version-history":[{"count":0,"href":"https:\/\/www.fuldaernachrichten.de\/index.php?rest_route=\/wp\/v2\/posts\/110663\/revisions"}],"wp:attachment":[{"href":"https:\/\/www.fuldaernachrichten.de\/index.php?rest_route=%2Fwp%2Fv2%2Fmedia&parent=110663"}],"wp:term":[{"taxonomy":"category","embeddable":true,"href":"https:\/\/www.fuldaernachrichten.de\/index.php?rest_route=%2Fwp%2Fv2%2Fcategories&post=110663"},{"taxonomy":"post_tag","embeddable":true,"href":"https:\/\/www.fuldaernachrichten.de\/index.php?rest_route=%2Fwp%2Fv2%2Ftags&post=110663"}],"curies":[{"name":"wp","href":"https:\/\/api.w.org\/{rel}","templated":true}]}}