{"id":110657,"date":"2013-07-01T07:30:43","date_gmt":"2013-07-01T07:30:43","guid":{"rendered":"http:\/\/www.fuldaer-nachrichten.de\/?p=110657"},"modified":"2013-07-01T07:30:43","modified_gmt":"2013-07-01T07:30:43","slug":"workshop-farbe-fur-kinder-von-acht-bis-elf-jahren","status":"publish","type":"post","link":"https:\/\/www.fuldaernachrichten.de\/?p=110657","title":{"rendered":"Workshop Farbe f\u00fcr Kinder von acht bis elf Jahren"},"content":{"rendered":"<p>Fulda. In den Sommerferien bietet das Jugendbildungswerk des Landkreises Fulda vom 22. bis 26. Juli in der Propstei Johannesberg einen Workshop Farbe f\u00fcr Kinder von acht bis elf Jahren an, f\u00fcr den noch einige Pl\u00e4tze frei sind. Ziel ist es, bei jungen Menschen das Interesse am Handwerk zu st\u00e4rken und das Bewusstsein f\u00fcr die Denkmalpflege zu f\u00f6rdern.<!--more--><\/p>\n<p>Bei einer Entdeckungsreise\u00c2\u00a0 in die Natur werden Steine, Erde und Pflanzen gesammelt, um daraus mit unterschiedlichen Bindemitteln\u00c2\u00a0 Farben herzustellen. Auf dem Programm stehen au\u00dferdem die Herstellung von Kleister, Knete und Kreide sowie das Gie\u00dfen und Anmalen von Figuren aus Gips. Die Kosten betragen einschlie\u00dflich Mittagessen, Getr\u00e4nke und Verbrauchsmaterial 60 Euro. Info und Anmeldung unter Telefon (0661)6006-498\u00c2\u00a0 oder -427 bzw. E-Mail <a href=\"mailto:jugend@landkreis-fulda.de\">jugend@landkreis-fulda.de<\/a>.<\/p>\n","protected":false},"excerpt":{"rendered":"<div class=\"tmnf_excerpt\"><p>Fulda. In den Sommerferien bietet das Jugendbildungswerk des Landkreises Fulda vom 22. bis 26. Juli in der Propstei Johannesberg einen Workshop Farbe f\u00fcr Kinder von acht bis elf Jahren an, f\u00fcr den noch einige Pl\u00e4tze frei sind. Ziel ist es, bei jungen Menschen das Interesse am Handwerk zu st\u00e4rken und das Bewusstsein f\u00fcr die Denkmalpflege &hellip;<\/p>\n<\/div>","protected":false},"author":1,"featured_media":0,"comment_status":"closed","ping_status":"closed","sticky":false,"template":"","format":"standard","meta":{"footnotes":""},"categories":[1,53],"tags":[],"class_list":["post-110657","post","type-post","status-publish","format-standard","hentry","category-startseite","category-bildung"],"_links":{"self":[{"href":"https:\/\/www.fuldaernachrichten.de\/index.php?rest_route=\/wp\/v2\/posts\/110657","targetHints":{"allow":["GET"]}}],"collection":[{"href":"https:\/\/www.fuldaernachrichten.de\/index.php?rest_route=\/wp\/v2\/posts"}],"about":[{"href":"https:\/\/www.fuldaernachrichten.de\/index.php?rest_route=\/wp\/v2\/types\/post"}],"author":[{"embeddable":true,"href":"https:\/\/www.fuldaernachrichten.de\/index.php?rest_route=\/wp\/v2\/users\/1"}],"replies":[{"embeddable":true,"href":"https:\/\/www.fuldaernachrichten.de\/index.php?rest_route=%2Fwp%2Fv2%2Fcomments&post=110657"}],"version-history":[{"count":0,"href":"https:\/\/www.fuldaernachrichten.de\/index.php?rest_route=\/wp\/v2\/posts\/110657\/revisions"}],"wp:attachment":[{"href":"https:\/\/www.fuldaernachrichten.de\/index.php?rest_route=%2Fwp%2Fv2%2Fmedia&parent=110657"}],"wp:term":[{"taxonomy":"category","embeddable":true,"href":"https:\/\/www.fuldaernachrichten.de\/index.php?rest_route=%2Fwp%2Fv2%2Fcategories&post=110657"},{"taxonomy":"post_tag","embeddable":true,"href":"https:\/\/www.fuldaernachrichten.de\/index.php?rest_route=%2Fwp%2Fv2%2Ftags&post=110657"}],"curies":[{"name":"wp","href":"https:\/\/api.w.org\/{rel}","templated":true}]}}