{"id":110653,"date":"2013-07-01T07:25:15","date_gmt":"2013-07-01T07:25:15","guid":{"rendered":"http:\/\/www.fuldaer-nachrichten.de\/?p=110653"},"modified":"2013-07-01T07:25:15","modified_gmt":"2013-07-01T07:25:15","slug":"tanner-musiksommer-2013","status":"publish","type":"post","link":"https:\/\/www.fuldaernachrichten.de\/?p=110653","title":{"rendered":"Tanner Musiksommer 2013"},"content":{"rendered":"<p>Tann. An den Sonntagen der Ferienmonate Juli und August finden jeweils um 11:00 Uhr \u2013 im Anschluss an den Gottesdienst \u2013 30min\u00fctige Mittagskonzerte in der Tanner Stadtkirche statt, in deren Mittelpunkt die Orgel steht: Organisten und Instrumentalisten aus der Region stellen in unterschiedlichster Besetzung die Vielfalt und die Wandlungsf\u00e4higkeit der Orgelmusik durch die Jahrhunderte vor. Der Eintritt zu den Orgelmatineen ist frei, eine Kollekte am Ausgang kommt der Erhaltung der Stadtkirchenorgel zugute. Erm\u00f6glicht werden die Orgelmatineen durch die freundliche Unterst\u00fctzung der VR-Bank NordRh\u00f6n eG.<!--more--><\/p>\n<p><b>7. Juli 2013: <\/b><b><i>Orgel pur in Dur<\/i><\/b><\/p>\n<p>Choralbearbeitungen und freie Orgelwerke mit Erik Reinhardt (Gr\u00fcsselbach)<\/p>\n<p><b>14. Juli 2013: <\/b><b><i>Hauch des Himmels<\/i><\/b><b><i><\/i><\/b><\/p>\n<p>Traumhafte Kl\u00e4nge f\u00fcr Orgel und Panfl\u00f6ten mit Anna Ziert (Tann) und dem Panfl\u00f6tenduo Patrizia und Julia (Thaiden-Gro\u00dfenbach)<\/p>\n<p><b>21. Juli 2013: <\/b><b><i>Stadt, Land, Fluss<\/i><\/b><\/p>\n<p>Musikalische Wasserspiele mit Thomas N\u00fcdling (Tann) und Sopranistin Ramona Grunenberg (Batten)<\/p>\n<p><b>28. Juli 2013: <\/b><b><i>Saitenspr\u00fcnge<\/i><\/b><\/p>\n<p>Faszinierendes zwischen Orgelpfeifen und Geigensaiten mit Anna Ziert (Tann) und dem Streichensemble Neuhof (Schlitz)<\/p>\n<p><b>4. August 2013: <\/b><b><i>BaRock<\/i><\/b><\/p>\n<p>Musik von Bach bis Beat mit Hubertus Reulbach (Findlos) und Gregor Faust (Niederkalbach), Saxophon<\/p>\n<p><b><span style=\"text-decoration: underline;\">Er\u00f6ffnung der Orgelmatineen 2013<\/span><\/b><\/p>\n<p>Mit Erik Reinhardt stellt am Sonntag, 7. Juli 2013, ein junges regionales Orgeltalent sein K\u00f6nnen unter Beweis. Der Organist aus Rasdorf-Gr\u00fcsselbach besucht die 12. Klasse der Wigbertschule H\u00fcnfeld und wird als Sch\u00fcler von Regionalkantor Christopher L\u00f6bens am Bisch\u00f6flichen Kirchenmusikinstitut Fulda ausgebildet.<\/p>\n<p>Das Programm seiner Orgelmatinee umfasst Choralbearbeitungen und freie Orgelwerke aus Barock und Romantik, darunter eine Fantasie des englischen Komponisten Samuel Wesley (1766-1837) \u00fcber Martin Luthers Lied \u201eEin feste Burg\u201c.<\/p>\n","protected":false},"excerpt":{"rendered":"<div class=\"tmnf_excerpt\"><p>Tann. An den Sonntagen der Ferienmonate Juli und August finden jeweils um 11:00 Uhr \u2013 im Anschluss an den Gottesdienst \u2013 30min\u00fctige Mittagskonzerte in der Tanner Stadtkirche statt, in deren Mittelpunkt die Orgel steht: Organisten und Instrumentalisten aus der Region stellen in unterschiedlichster Besetzung die Vielfalt und die Wandlungsf\u00e4higkeit der Orgelmusik durch die Jahrhunderte vor. &hellip;<\/p>\n<\/div>","protected":false},"author":1,"featured_media":0,"comment_status":"closed","ping_status":"closed","sticky":false,"template":"","format":"standard","meta":{"footnotes":""},"categories":[1,44],"tags":[],"class_list":["post-110653","post","type-post","status-publish","format-standard","hentry","category-startseite","category-kultur"],"_links":{"self":[{"href":"https:\/\/www.fuldaernachrichten.de\/index.php?rest_route=\/wp\/v2\/posts\/110653","targetHints":{"allow":["GET"]}}],"collection":[{"href":"https:\/\/www.fuldaernachrichten.de\/index.php?rest_route=\/wp\/v2\/posts"}],"about":[{"href":"https:\/\/www.fuldaernachrichten.de\/index.php?rest_route=\/wp\/v2\/types\/post"}],"author":[{"embeddable":true,"href":"https:\/\/www.fuldaernachrichten.de\/index.php?rest_route=\/wp\/v2\/users\/1"}],"replies":[{"embeddable":true,"href":"https:\/\/www.fuldaernachrichten.de\/index.php?rest_route=%2Fwp%2Fv2%2Fcomments&post=110653"}],"version-history":[{"count":0,"href":"https:\/\/www.fuldaernachrichten.de\/index.php?rest_route=\/wp\/v2\/posts\/110653\/revisions"}],"wp:attachment":[{"href":"https:\/\/www.fuldaernachrichten.de\/index.php?rest_route=%2Fwp%2Fv2%2Fmedia&parent=110653"}],"wp:term":[{"taxonomy":"category","embeddable":true,"href":"https:\/\/www.fuldaernachrichten.de\/index.php?rest_route=%2Fwp%2Fv2%2Fcategories&post=110653"},{"taxonomy":"post_tag","embeddable":true,"href":"https:\/\/www.fuldaernachrichten.de\/index.php?rest_route=%2Fwp%2Fv2%2Ftags&post=110653"}],"curies":[{"name":"wp","href":"https:\/\/api.w.org\/{rel}","templated":true}]}}