{"id":110638,"date":"2013-06-29T00:11:08","date_gmt":"2013-06-29T00:11:08","guid":{"rendered":"http:\/\/www.fuldaer-nachrichten.de\/?p=110638"},"modified":"2013-06-29T08:47:24","modified_gmt":"2013-06-29T08:47:24","slug":"der-denkmalbeirat-tagte-in-elpenrod","status":"publish","type":"post","link":"https:\/\/www.fuldaernachrichten.de\/?p=110638","title":{"rendered":"Der Denkmalbeirat tagte in Elpenrod"},"content":{"rendered":"<p><img fetchpriority=\"high\" decoding=\"async\" class=\"alignleft size-thumbnail wp-image-110639\" alt=\"P1000146\" src=\"http:\/\/www.fuldaer-nachrichten.de\/wp-content\/uploads\/2013\/06\/P1000146-265x198.jpg\" width=\"265\" height=\"198\" srcset=\"https:\/\/www.fuldaernachrichten.de\/wp-content\/uploads\/2013\/06\/P1000146-265x198.jpg 265w, https:\/\/www.fuldaernachrichten.de\/wp-content\/uploads\/2013\/06\/P1000146.jpg 600w\" sizes=\"(max-width: 265px) 100vw, 265px\" \/>Gem\u00fcnden. Zu seiner zweiten Sitzung in diesem Jahr kam der Denkmalabeirat des Vogels- bergkreises\u00c2\u00a0 am 24.06.13 in Elpenrod, Ortsteil der Gemeinde Gem\u00fcnden, zusammen. Vorsitzende Erika M\u00fcller begr\u00fc\u00dfte Bezirkskonservator Ansgar Brockmann vom Landesamt f\u00fcr Denkmalpflege, Bernhard Hofmann, Gesch\u00e4ftsf\u00fchrer und Leiter des Amtes f\u00fcr Bauen und Umwelt sowie die Vertreter der Kreistagsfraktionen. <!--more--><\/p>\n<p>Gem\u00fcndens B\u00fcrgermeister Lothar Bott sprach in seinem Gru\u00dfwort an, was dem Beirat in dieser Sitzung &#8211; und nicht nur hier- Probleme macht. Strukturwandel, \u00dcberalterung, Leerst\u00e4nde, Verfall sei ein Abw\u00e4rtstrend, der weder vor kleinen D\u00f6rfern noch vor St\u00e4dten Halt mache. Oftmals hinterlassen Abbr\u00fcche ein Loch im Ortsbild. Herr Brockmann bedauerte, dass oftmals Denkmalschutz auf wenig Verst\u00e4ndnis in der Bev\u00f6lkerung trifft. Der Wert historischer Bausubstanz wird h\u00e4ufig untersch\u00e4tzt und die Bereitschaft zum Erhalt ist aus verschiedensten Gr\u00fcnden nicht selten minimal. Auch die M\u00f6glichkeiten der\u00c2\u00a0 Umnutzung von Fachwerkh\u00e4usern w\u00fcrden nicht immer voll ausgesch\u00f6pft. Das wurde vor allem an einem Objekt im Nordostkreis deutlich.<\/p>\n<p>F\u00fcr die Stadt ein hoffnungsloser Fall, f\u00fcr die Denkmalsch\u00fctzer ein wunder Punkt.\u00c2\u00a0 Doch bei aller Meinungsverschiedenheit d\u00fcrfe man die Fronten nicht verh\u00e4rten, betonte A. Brockmann, sondern m\u00fcsse im offenen Gespr\u00e4ch eine L\u00f6sung herbeif\u00fchren. Der Denkmalbeirat sieht es als seine Aufgabe an, die positiven Seiten des Denkmalschutzes deutlich zu machen wie z.B. fachgerechte Umbauten, angepasste energetische Sanierung, gegl\u00fcckte Restaurierung. Lob gab es f\u00fcr die Schlo\u00dfpatrioten, die viel ehrenamtliche Arbeitsleistung in Pflege und Reparaturarbeiten des Homberger Schlosses investieren. Das Schulgeb\u00e4ude in der Friedrichstra\u00dfe, auf Betreiben einiger B\u00fcrger unter Denkmalschutz gestellt, wird wohl noch l\u00e4ngere\u00c2\u00a0 Zeit f\u00fcr Diskussionen sorgen.<\/p>\n<p>Auf der Tagesordnung stand schlie\u00dflich die angedachte B\u00f6rse f\u00fcr historische Baustoffe. Ob eine zentrale Sammelstelle oder einzelne Depots f\u00fcr Fenster, T\u00fcren, Treppen usw. ist am besten mit den jeweiligen Innungen zu besprechen. Vorschl\u00e4ge und Anregungen hierzu nimmt die Untere Denkmalschutzbeh\u00f6rde des Vogelsbergkreises gerne entgegen (Tel.: 06641-977-460). Auf der vorgesehenen Ortsbegehung mit Erika M\u00fcller sollten 2 ruin\u00f6se und zwei gelungene Objekte besichtigt und Perspektiven f\u00fcr den Erhalt historischer Bausubstanz gerade in kleinen D\u00f6rfern wie Elpenrod hinterfragt werden. Wegen Starkregen hat der Beirat auf den Rundgang verzichten m\u00fcssen.<\/p>\n","protected":false},"excerpt":{"rendered":"<div class=\"tmnf_excerpt\"><p>Gem\u00fcnden. Zu seiner zweiten Sitzung in diesem Jahr kam der Denkmalabeirat des Vogels- bergkreises\u00c2\u00a0 am 24.06.13 in Elpenrod, Ortsteil der Gemeinde Gem\u00fcnden, zusammen. Vorsitzende Erika M\u00fcller begr\u00fc\u00dfte Bezirkskonservator Ansgar Brockmann vom Landesamt f\u00fcr Denkmalpflege, Bernhard Hofmann, Gesch\u00e4ftsf\u00fchrer und Leiter des Amtes f\u00fcr Bauen und Umwelt sowie die Vertreter der Kreistagsfraktionen.<\/p>\n<\/div>","protected":false},"author":1,"featured_media":0,"comment_status":"closed","ping_status":"closed","sticky":false,"template":"","format":"standard","meta":{"footnotes":""},"categories":[1],"tags":[],"class_list":["post-110638","post","type-post","status-publish","format-standard","hentry","category-startseite"],"_links":{"self":[{"href":"https:\/\/www.fuldaernachrichten.de\/index.php?rest_route=\/wp\/v2\/posts\/110638","targetHints":{"allow":["GET"]}}],"collection":[{"href":"https:\/\/www.fuldaernachrichten.de\/index.php?rest_route=\/wp\/v2\/posts"}],"about":[{"href":"https:\/\/www.fuldaernachrichten.de\/index.php?rest_route=\/wp\/v2\/types\/post"}],"author":[{"embeddable":true,"href":"https:\/\/www.fuldaernachrichten.de\/index.php?rest_route=\/wp\/v2\/users\/1"}],"replies":[{"embeddable":true,"href":"https:\/\/www.fuldaernachrichten.de\/index.php?rest_route=%2Fwp%2Fv2%2Fcomments&post=110638"}],"version-history":[{"count":0,"href":"https:\/\/www.fuldaernachrichten.de\/index.php?rest_route=\/wp\/v2\/posts\/110638\/revisions"}],"wp:attachment":[{"href":"https:\/\/www.fuldaernachrichten.de\/index.php?rest_route=%2Fwp%2Fv2%2Fmedia&parent=110638"}],"wp:term":[{"taxonomy":"category","embeddable":true,"href":"https:\/\/www.fuldaernachrichten.de\/index.php?rest_route=%2Fwp%2Fv2%2Fcategories&post=110638"},{"taxonomy":"post_tag","embeddable":true,"href":"https:\/\/www.fuldaernachrichten.de\/index.php?rest_route=%2Fwp%2Fv2%2Ftags&post=110638"}],"curies":[{"name":"wp","href":"https:\/\/api.w.org\/{rel}","templated":true}]}}