{"id":110636,"date":"2013-06-29T00:55:15","date_gmt":"2013-06-29T00:55:15","guid":{"rendered":"http:\/\/www.fuldaer-nachrichten.de\/?p=110636"},"modified":"2013-06-29T08:44:33","modified_gmt":"2013-06-29T08:44:33","slug":"sommerferienbetreuung-im-ausblick","status":"publish","type":"post","link":"https:\/\/www.fuldaernachrichten.de\/?p=110636","title":{"rendered":"Sommerferienbetreuung im aus:Blick"},"content":{"rendered":"<p><img decoding=\"async\" class=\"alignleft size-thumbnail wp-image-110637\" alt=\"DSC_6986\" src=\"http:\/\/www.fuldaer-nachrichten.de\/wp-content\/uploads\/2013\/06\/DSC_6986-265x176.jpg\" width=\"265\" height=\"176\" srcset=\"https:\/\/www.fuldaernachrichten.de\/wp-content\/uploads\/2013\/06\/DSC_6986-265x176.jpg 265w, https:\/\/www.fuldaernachrichten.de\/wp-content\/uploads\/2013\/06\/DSC_6986.jpg 600w\" sizes=\"(max-width: 265px) 100vw, 265px\" \/>Fulda. Vom 8. bis 26. Juli bietet das Projekt aus:Blick montags bis freitags von 8:00 bis 17:00 Uhr eine Sommerferienbetreuung f\u00fcr Kinder zwischen 6 und 14 Jahre an. Auf dem Programm stehen Ausfl\u00fcge, Freizeitsport, T\u00f6pferwerkstatt und vieles mehr. Die K\u00fcche des Antoniusheims sorgt f\u00fcr die Mahlzeiten, begleitet wird die Betreuung durch p\u00e4dagogisches Fachpersonal. Anmeldung und Informationen erhalten alle Interessierten bei Guido Witzel unter Telefon (0661) 5005942.<\/p>\n<p>&nbsp;<\/p>\n","protected":false},"excerpt":{"rendered":"<div class=\"tmnf_excerpt\"><p>Fulda. Vom 8. bis 26. Juli bietet das Projekt aus:Blick montags bis freitags von 8:00 bis 17:00 Uhr eine Sommerferienbetreuung f\u00fcr Kinder zwischen 6 und 14 Jahre an. Auf dem Programm stehen Ausfl\u00fcge, Freizeitsport, T\u00f6pferwerkstatt und vieles mehr. Die K\u00fcche des Antoniusheims sorgt f\u00fcr die Mahlzeiten, begleitet wird die Betreuung durch p\u00e4dagogisches Fachpersonal. Anmeldung und &hellip;<\/p>\n<\/div>","protected":false},"author":1,"featured_media":0,"comment_status":"closed","ping_status":"closed","sticky":false,"template":"","format":"standard","meta":{"footnotes":""},"categories":[1],"tags":[],"class_list":["post-110636","post","type-post","status-publish","format-standard","hentry","category-startseite"],"_links":{"self":[{"href":"https:\/\/www.fuldaernachrichten.de\/index.php?rest_route=\/wp\/v2\/posts\/110636","targetHints":{"allow":["GET"]}}],"collection":[{"href":"https:\/\/www.fuldaernachrichten.de\/index.php?rest_route=\/wp\/v2\/posts"}],"about":[{"href":"https:\/\/www.fuldaernachrichten.de\/index.php?rest_route=\/wp\/v2\/types\/post"}],"author":[{"embeddable":true,"href":"https:\/\/www.fuldaernachrichten.de\/index.php?rest_route=\/wp\/v2\/users\/1"}],"replies":[{"embeddable":true,"href":"https:\/\/www.fuldaernachrichten.de\/index.php?rest_route=%2Fwp%2Fv2%2Fcomments&post=110636"}],"version-history":[{"count":0,"href":"https:\/\/www.fuldaernachrichten.de\/index.php?rest_route=\/wp\/v2\/posts\/110636\/revisions"}],"wp:attachment":[{"href":"https:\/\/www.fuldaernachrichten.de\/index.php?rest_route=%2Fwp%2Fv2%2Fmedia&parent=110636"}],"wp:term":[{"taxonomy":"category","embeddable":true,"href":"https:\/\/www.fuldaernachrichten.de\/index.php?rest_route=%2Fwp%2Fv2%2Fcategories&post=110636"},{"taxonomy":"post_tag","embeddable":true,"href":"https:\/\/www.fuldaernachrichten.de\/index.php?rest_route=%2Fwp%2Fv2%2Ftags&post=110636"}],"curies":[{"name":"wp","href":"https:\/\/api.w.org\/{rel}","templated":true}]}}